{"id":88861,"date":"2021-03-09T12:55:44","date_gmt":"2021-03-09T15:55:44","guid":{"rendered":"https:\/\/eldiariodesanpedro.com.ar\/sitio\/?p=88861"},"modified":"2021-03-09T12:55:49","modified_gmt":"2021-03-09T15:55:49","slug":"se-vacunaron-a-residentes-de-la-casa-de-ancianos","status":"publish","type":"post","link":"https:\/\/eldiariodesanpedro.com.ar\/sitio\/se-vacunaron-a-residentes-de-la-casa-de-ancianos\/","title":{"rendered":"Se vacunaron a residentes de la Casa de Ancianos"},"content":{"rendered":"<!-- VideographyWP Plugin Message: Automatic video embedding prevented by plugin options. -->\n\n<p>Este martes se realizo una campa\u00f1a de vacunaci\u00f3n en la Casa de Ancianos ubicada en calle 25 de mayo al 1700 donde 35 abuelos recibieron sus primeras dosis de AstraZeneca y estuvo a cargo a Saverio Gutierrez.<\/p>\n\n\n\n<p>A pesar de la campa\u00f1a de vacunaci\u00f3n que se realiza en el Club Mitre por el Plan Vacunarte se encuentra frenada por falta de dosis la Secretaria de Salud solicito a Regi\u00f3n Sanitaria para comenzar la vacunaci\u00f3n en geri\u00e1tricos.  <\/p>\n\n\n\n<p>En total fueron 35 los abuelos a quienes se les aplico la primera dosis de la vacuna, a la vez hubo otras personas mayores que no fueron vacunados por la negativa de sus familiares.<\/p>\n\n\n\n<p>Se desarrollo con normalidad y la aplicaci\u00f3n de las dosis se realizaron en la puerta del lugar para no contaminar el interior del edificio.<\/p>\n","protected":false},"excerpt":{"rendered":"<p>Este martes se realizo una campa\u00f1a de vacunaci\u00f3n en la Casa de Ancianos ubicada en calle 25 de mayo al 1700 donde 35 abuelos recibieron sus primeras dosis de AstraZeneca y estuvo a cargo a Saverio Gutierrez. A pesar de la campa\u00f1a de vacunaci\u00f3n que se realiza en el Club Mitre por el Plan Vacunarte [&hellip;]<\/p>\n","protected":false},"author":4,"featured_media":88862,"comment_status":"open","ping_status":"closed","sticky":false,"template":"","format":"standard","meta":{"om_disable_all_campaigns":false,"_jetpack_memberships_contains_paid_content":false,"footnotes":""},"categories":[50,101,2],"tags":[],"class_list":["post-88861","post","type-post","status-publish","format-standard","has-post-thumbnail","hentry","category-destacadas","category-interes-general-locales","category-locales"],"aioseo_notices":[],"gutentor_comment":0,"jetpack_featured_media_url":"https:\/\/eldiariodesanpedro.com.ar\/sitio\/wp-content\/uploads\/2021\/03\/2021-03-09.png","jetpack_shortlink":"https:\/\/wp.me\/p6RhLt-n7f","jetpack_sharing_enabled":true,"_links":{"self":[{"href":"https:\/\/eldiariodesanpedro.com.ar\/sitio\/wp-json\/wp\/v2\/posts\/88861","targetHints":{"allow":["GET"]}}],"collection":[{"href":"https:\/\/eldiariodesanpedro.com.ar\/sitio\/wp-json\/wp\/v2\/posts"}],"about":[{"href":"https:\/\/eldiariodesanpedro.com.ar\/sitio\/wp-json\/wp\/v2\/types\/post"}],"author":[{"embeddable":true,"href":"https:\/\/eldiariodesanpedro.com.ar\/sitio\/wp-json\/wp\/v2\/users\/4"}],"replies":[{"embeddable":true,"href":"https:\/\/eldiariodesanpedro.com.ar\/sitio\/wp-json\/wp\/v2\/comments?post=88861"}],"version-history":[{"count":1,"href":"https:\/\/eldiariodesanpedro.com.ar\/sitio\/wp-json\/wp\/v2\/posts\/88861\/revisions"}],"predecessor-version":[{"id":88863,"href":"https:\/\/eldiariodesanpedro.com.ar\/sitio\/wp-json\/wp\/v2\/posts\/88861\/revisions\/88863"}],"wp:featuredmedia":[{"embeddable":true,"href":"https:\/\/eldiariodesanpedro.com.ar\/sitio\/wp-json\/wp\/v2\/media\/88862"}],"wp:attachment":[{"href":"https:\/\/eldiariodesanpedro.com.ar\/sitio\/wp-json\/wp\/v2\/media?parent=88861"}],"wp:term":[{"taxonomy":"category","embeddable":true,"href":"https:\/\/eldiariodesanpedro.com.ar\/sitio\/wp-json\/wp\/v2\/categories?post=88861"},{"taxonomy":"post_tag","embeddable":true,"href":"https:\/\/eldiariodesanpedro.com.ar\/sitio\/wp-json\/wp\/v2\/tags?post=88861"}],"curies":[{"name":"wp","href":"https:\/\/api.w.org\/{rel}","templated":true}]}}