{"id":88852,"date":"2021-03-09T10:31:50","date_gmt":"2021-03-09T13:31:50","guid":{"rendered":"https:\/\/eldiariodesanpedro.com.ar\/sitio\/?p=88852"},"modified":"2021-03-09T10:31:54","modified_gmt":"2021-03-09T13:31:54","slug":"baradero-el-intendente-esteban-sanzio-reunio-con-familiares-de-victimas-de-violencia-de-genero-y-femicidios-de-nuestra-ciudad","status":"publish","type":"post","link":"https:\/\/eldiariodesanpedro.com.ar\/sitio\/baradero-el-intendente-esteban-sanzio-reunio-con-familiares-de-victimas-de-violencia-de-genero-y-femicidios-de-nuestra-ciudad\/","title":{"rendered":"BARADERO | El Intendente Esteban Sanzio reuni\u00f3 con familiares de v\u00edctimas de violencia de g\u00e9nero y femicidios de nuestra ciudad"},"content":{"rendered":"<!-- VideographyWP Plugin Message: Automatic video embedding prevented by plugin options. -->\n\n<p>Araceli Barattini, Jefa del Dpto de Equidad y G\u00e9nero del Municipio cont\u00f3 que llegaran 500 botones anti p\u00e1nico y dem\u00e1s elementos a Baradero.<\/p>\n\n\n\n<p>\u201cEsto lo realizamos dado que no se respeten las medidas perimetrales\u201d.<\/p>\n\n\n\n<p>\u201cTenemos un equipo de equidad de g\u00e9nero eficaz, con guardia los 365 d\u00edas del a\u00f1o y esto es algo muy importante para la ciudad\u201d.<\/p>\n\n\n\n<p>Adem\u00e1s, se realizar\u00e1 un refugio para las v\u00edctimas de violencia en un predio ubicado en 4 de Febrero.<\/p>\n\n\n\n<p>\u201cSe realizar\u00e1n capacitaciones sobre la Ley Micaela en todas las \u00e1reas de la Municipalidad\u201d sostuvo.<\/p>\n\n\n\n<p>Fuente: <a href=\"https:\/\/tulineadirecta.com\/el-intendente-esteban-sanzio-reunio-con-familiares-de-victimas-de-violencia-de-genero-y-femicidios-de-nuestra-ciudad\/\">Tu Linea Directa<\/a><\/p>\n","protected":false},"excerpt":{"rendered":"<p>Araceli Barattini, Jefa del Dpto de Equidad y G\u00e9nero del Municipio cont\u00f3 que llegaran 500 botones anti p\u00e1nico y dem\u00e1s elementos a Baradero. \u201cEsto lo realizamos dado que no se respeten las medidas perimetrales\u201d. \u201cTenemos un equipo de equidad de g\u00e9nero eficaz, con guardia los 365 d\u00edas del a\u00f1o y esto es algo muy importante [&hellip;]<\/p>\n","protected":false},"author":4,"featured_media":88853,"comment_status":"open","ping_status":"closed","sticky":false,"template":"","format":"standard","meta":{"om_disable_all_campaigns":false,"_jetpack_memberships_contains_paid_content":false,"footnotes":""},"categories":[621],"tags":[],"class_list":["post-88852","post","type-post","status-publish","format-standard","has-post-thumbnail","hentry","category-regionales"],"aioseo_notices":[],"gutentor_comment":0,"jetpack_featured_media_url":"https:\/\/eldiariodesanpedro.com.ar\/sitio\/wp-content\/uploads\/2021\/03\/reunion-del-intendente-con-equidad-y-genero.jpg","jetpack_shortlink":"https:\/\/wp.me\/p6RhLt-n76","jetpack_sharing_enabled":true,"_links":{"self":[{"href":"https:\/\/eldiariodesanpedro.com.ar\/sitio\/wp-json\/wp\/v2\/posts\/88852","targetHints":{"allow":["GET"]}}],"collection":[{"href":"https:\/\/eldiariodesanpedro.com.ar\/sitio\/wp-json\/wp\/v2\/posts"}],"about":[{"href":"https:\/\/eldiariodesanpedro.com.ar\/sitio\/wp-json\/wp\/v2\/types\/post"}],"author":[{"embeddable":true,"href":"https:\/\/eldiariodesanpedro.com.ar\/sitio\/wp-json\/wp\/v2\/users\/4"}],"replies":[{"embeddable":true,"href":"https:\/\/eldiariodesanpedro.com.ar\/sitio\/wp-json\/wp\/v2\/comments?post=88852"}],"version-history":[{"count":1,"href":"https:\/\/eldiariodesanpedro.com.ar\/sitio\/wp-json\/wp\/v2\/posts\/88852\/revisions"}],"predecessor-version":[{"id":88854,"href":"https:\/\/eldiariodesanpedro.com.ar\/sitio\/wp-json\/wp\/v2\/posts\/88852\/revisions\/88854"}],"wp:featuredmedia":[{"embeddable":true,"href":"https:\/\/eldiariodesanpedro.com.ar\/sitio\/wp-json\/wp\/v2\/media\/88853"}],"wp:attachment":[{"href":"https:\/\/eldiariodesanpedro.com.ar\/sitio\/wp-json\/wp\/v2\/media?parent=88852"}],"wp:term":[{"taxonomy":"category","embeddable":true,"href":"https:\/\/eldiariodesanpedro.com.ar\/sitio\/wp-json\/wp\/v2\/categories?post=88852"},{"taxonomy":"post_tag","embeddable":true,"href":"https:\/\/eldiariodesanpedro.com.ar\/sitio\/wp-json\/wp\/v2\/tags?post=88852"}],"curies":[{"name":"wp","href":"https:\/\/api.w.org\/{rel}","templated":true}]}}