{"id":88849,"date":"2021-03-09T10:30:13","date_gmt":"2021-03-09T13:30:13","guid":{"rendered":"https:\/\/eldiariodesanpedro.com.ar\/sitio\/?p=88849"},"modified":"2021-03-09T10:30:17","modified_gmt":"2021-03-09T13:30:17","slug":"baradero-comienza-la-vacunacion-en-el-sindicato-soerm","status":"publish","type":"post","link":"https:\/\/eldiariodesanpedro.com.ar\/sitio\/baradero-comienza-la-vacunacion-en-el-sindicato-soerm\/","title":{"rendered":"BARADERO | Comienza la vacunaci\u00f3n en el Sindicato SOERM"},"content":{"rendered":"<!-- VideographyWP Plugin Message: Automatic video embedding prevented by plugin options. -->\n\n<p>En el d\u00eda de hoy llegaron 600 primeras dosis de la vacuna Sinopharm contra el coronavirus. Con esta entrega, a partir del d\u00eda de ma\u00f1ana el Sindicato SOERM se convertir\u00e1 en el nuevo centro de vacunaci\u00f3n masiva.<\/p>\n\n\n\n<p>El Subsecretario de Salud Carlos Baliela inform\u00f3 que en esta oportunidad el turnero estuvo abocado a personas de entre 18 y 59 a\u00f1os con patolog\u00edas de base.<\/p>\n\n\n\n<p>Adem\u00e1s al ser consultado sobre qu\u00e9 est\u00e1 pasando con la gente que se aplic\u00f3 la primera dosis de la vacuna y todav\u00eda no recibi\u00f3 la segunda, el Subsecretario dijo que \u201chay que esperar a que nos lleguen las segundas dosis. La demora en la aplicaci\u00f3n se da porque si uno se coloc\u00f3 la primera dosis de la Sputnik, deber\u00e1 esperar a que lleguen segundas dosis de esa vacuna para poder completar su calendario de vacunaci\u00f3n\u201d.<\/p>\n\n\n\n<p>Fuente: Tu Linea Directa<\/p>\n","protected":false},"excerpt":{"rendered":"<p>En el d\u00eda de hoy llegaron 600 primeras dosis de la vacuna Sinopharm contra el coronavirus. Con esta entrega, a partir del d\u00eda de ma\u00f1ana el Sindicato SOERM se convertir\u00e1 en el nuevo centro de vacunaci\u00f3n masiva. El Subsecretario de Salud Carlos Baliela inform\u00f3 que en esta oportunidad el turnero estuvo abocado a personas de [&hellip;]<\/p>\n","protected":false},"author":4,"featured_media":88850,"comment_status":"open","ping_status":"closed","sticky":false,"template":"","format":"standard","meta":{"om_disable_all_campaigns":false,"_jetpack_memberships_contains_paid_content":false,"footnotes":""},"categories":[621],"tags":[],"class_list":["post-88849","post","type-post","status-publish","format-standard","has-post-thumbnail","hentry","category-regionales"],"aioseo_notices":[],"gutentor_comment":0,"jetpack_featured_media_url":"https:\/\/eldiariodesanpedro.com.ar\/sitio\/wp-content\/uploads\/2021\/03\/vacunacion-soerm.jpg","jetpack_shortlink":"https:\/\/wp.me\/p6RhLt-n73","jetpack_sharing_enabled":true,"_links":{"self":[{"href":"https:\/\/eldiariodesanpedro.com.ar\/sitio\/wp-json\/wp\/v2\/posts\/88849","targetHints":{"allow":["GET"]}}],"collection":[{"href":"https:\/\/eldiariodesanpedro.com.ar\/sitio\/wp-json\/wp\/v2\/posts"}],"about":[{"href":"https:\/\/eldiariodesanpedro.com.ar\/sitio\/wp-json\/wp\/v2\/types\/post"}],"author":[{"embeddable":true,"href":"https:\/\/eldiariodesanpedro.com.ar\/sitio\/wp-json\/wp\/v2\/users\/4"}],"replies":[{"embeddable":true,"href":"https:\/\/eldiariodesanpedro.com.ar\/sitio\/wp-json\/wp\/v2\/comments?post=88849"}],"version-history":[{"count":1,"href":"https:\/\/eldiariodesanpedro.com.ar\/sitio\/wp-json\/wp\/v2\/posts\/88849\/revisions"}],"predecessor-version":[{"id":88851,"href":"https:\/\/eldiariodesanpedro.com.ar\/sitio\/wp-json\/wp\/v2\/posts\/88849\/revisions\/88851"}],"wp:featuredmedia":[{"embeddable":true,"href":"https:\/\/eldiariodesanpedro.com.ar\/sitio\/wp-json\/wp\/v2\/media\/88850"}],"wp:attachment":[{"href":"https:\/\/eldiariodesanpedro.com.ar\/sitio\/wp-json\/wp\/v2\/media?parent=88849"}],"wp:term":[{"taxonomy":"category","embeddable":true,"href":"https:\/\/eldiariodesanpedro.com.ar\/sitio\/wp-json\/wp\/v2\/categories?post=88849"},{"taxonomy":"post_tag","embeddable":true,"href":"https:\/\/eldiariodesanpedro.com.ar\/sitio\/wp-json\/wp\/v2\/tags?post=88849"}],"curies":[{"name":"wp","href":"https:\/\/api.w.org\/{rel}","templated":true}]}}