{"id":88846,"date":"2021-03-09T10:27:31","date_gmt":"2021-03-09T13:27:31","guid":{"rendered":"https:\/\/eldiariodesanpedro.com.ar\/sitio\/?p=88846"},"modified":"2021-03-09T10:27:35","modified_gmt":"2021-03-09T13:27:35","slug":"campana-encuentran-a-un-hombre-sin-vida-en-el-interior-de-una-camioneta","status":"publish","type":"post","link":"https:\/\/eldiariodesanpedro.com.ar\/sitio\/campana-encuentran-a-un-hombre-sin-vida-en-el-interior-de-una-camioneta\/","title":{"rendered":"CAMPANA | Encuentran a un hombre sin vida en el interior de una camioneta"},"content":{"rendered":"<!-- VideographyWP Plugin Message: Automatic video embedding prevented by plugin options. -->\n\n<p>Fue en cercan\u00edas del Barrio San Jos\u00e9 del Tala, donde al parecer el conductor habr\u00eda fallecido por causas naturales. Polic\u00eda del Destacamento Alto Los Cardales trabaj\u00f3 en el lugar, tomando intervenci\u00f3n la Justicia local.<\/p>\n\n\n\n<p>Un hombre fue hallado muerto en el interior de su veh\u00edculo, detenido a metros de una estaci\u00f3n de servicio ubicada en camino a Las Vizcachas, ya en territorio de Los Cardales.<\/p>\n\n\n\n<p>Los primeros relevamientos llevados a cabo por el personal policial, dieron cuenta de una presunta muerte por causas naturales, ya que no se hallaron signos de violencia.<\/p>\n\n\n\n<p>La camioneta, una Fiat Fiorino, fue hallada en cercan\u00edas al Barrio San Jos\u00e9 del Tala. Personal del Destacamento Alto Los Cardales resguard\u00f3 la escena, dando intervenci\u00f3n a la Justicia de Campana.<\/p>\n\n\n\n<p>Fuente: <a href=\"https:\/\/www.campananoticias.com\/noticia\/66333\/encuentran-a-un-hombre-sin-vida-en-el-interior-de-una-camioneta\">Campana Noticias<\/a><\/p>\n","protected":false},"excerpt":{"rendered":"<p>Fue en cercan\u00edas del Barrio San Jos\u00e9 del Tala, donde al parecer el conductor habr\u00eda fallecido por causas naturales. Polic\u00eda del Destacamento Alto Los Cardales trabaj\u00f3 en el lugar, tomando intervenci\u00f3n la Justicia local. Un hombre fue hallado muerto en el interior de su veh\u00edculo, detenido a metros de una estaci\u00f3n de servicio ubicada en [&hellip;]<\/p>\n","protected":false},"author":4,"featured_media":88847,"comment_status":"open","ping_status":"closed","sticky":false,"template":"","format":"standard","meta":{"om_disable_all_campaigns":false,"_jetpack_memberships_contains_paid_content":false,"footnotes":""},"categories":[621],"tags":[],"class_list":["post-88846","post","type-post","status-publish","format-standard","has-post-thumbnail","hentry","category-regionales"],"aioseo_notices":[],"gutentor_comment":0,"jetpack_featured_media_url":"https:\/\/eldiariodesanpedro.com.ar\/sitio\/wp-content\/uploads\/2021\/03\/20210308111853.jpg","jetpack_shortlink":"https:\/\/wp.me\/p6RhLt-n70","jetpack_sharing_enabled":true,"_links":{"self":[{"href":"https:\/\/eldiariodesanpedro.com.ar\/sitio\/wp-json\/wp\/v2\/posts\/88846","targetHints":{"allow":["GET"]}}],"collection":[{"href":"https:\/\/eldiariodesanpedro.com.ar\/sitio\/wp-json\/wp\/v2\/posts"}],"about":[{"href":"https:\/\/eldiariodesanpedro.com.ar\/sitio\/wp-json\/wp\/v2\/types\/post"}],"author":[{"embeddable":true,"href":"https:\/\/eldiariodesanpedro.com.ar\/sitio\/wp-json\/wp\/v2\/users\/4"}],"replies":[{"embeddable":true,"href":"https:\/\/eldiariodesanpedro.com.ar\/sitio\/wp-json\/wp\/v2\/comments?post=88846"}],"version-history":[{"count":1,"href":"https:\/\/eldiariodesanpedro.com.ar\/sitio\/wp-json\/wp\/v2\/posts\/88846\/revisions"}],"predecessor-version":[{"id":88848,"href":"https:\/\/eldiariodesanpedro.com.ar\/sitio\/wp-json\/wp\/v2\/posts\/88846\/revisions\/88848"}],"wp:featuredmedia":[{"embeddable":true,"href":"https:\/\/eldiariodesanpedro.com.ar\/sitio\/wp-json\/wp\/v2\/media\/88847"}],"wp:attachment":[{"href":"https:\/\/eldiariodesanpedro.com.ar\/sitio\/wp-json\/wp\/v2\/media?parent=88846"}],"wp:term":[{"taxonomy":"category","embeddable":true,"href":"https:\/\/eldiariodesanpedro.com.ar\/sitio\/wp-json\/wp\/v2\/categories?post=88846"},{"taxonomy":"post_tag","embeddable":true,"href":"https:\/\/eldiariodesanpedro.com.ar\/sitio\/wp-json\/wp\/v2\/tags?post=88846"}],"curies":[{"name":"wp","href":"https:\/\/api.w.org\/{rel}","templated":true}]}}