{"id":88843,"date":"2021-03-09T10:25:35","date_gmt":"2021-03-09T13:25:35","guid":{"rendered":"https:\/\/eldiariodesanpedro.com.ar\/sitio\/?p=88843"},"modified":"2021-03-09T10:25:39","modified_gmt":"2021-03-09T13:25:39","slug":"san-nicolas-ayuda-economica-para-personas-con-vih","status":"publish","type":"post","link":"https:\/\/eldiariodesanpedro.com.ar\/sitio\/san-nicolas-ayuda-economica-para-personas-con-vih\/","title":{"rendered":"SAN NICOL\u00c1S | Ayuda econ\u00f3mica para personas con VIH"},"content":{"rendered":"<!-- VideographyWP Plugin Message: Automatic video embedding prevented by plugin options. -->\n\n<p>La Municipalidad de San Nicol\u00e1s, a trav\u00e9s del Servicio PRO.VIH.DA, ha iniciado las gestiones pertinentes a fin de implementar y poner en marcha el Programa de Asistencia Alimentaria (PAAI), el cual consta de un soporte econ\u00f3mico mensual para personas que viven con VIH.<\/p>\n\n\n\n<p>El beneficio del PAAI est\u00e1 dirigido a la poblaci\u00f3n que convive con el virus HIV\/SIDA y que no tiene recursos econ\u00f3micos. Se trata de un programa que se encuentra incluido en el marco de un convenio entre el Ministerio de Desarrollo y el Ministerio de Salud de la provincia.<\/p>\n\n\n\n<p>El Programa de Prevenci\u00f3n de VIH-Sida y Enfermedades de Transmisi\u00f3n Sexual est\u00e1 destinado a reducir la incidencia del VIH-Sida y ETS y mejorar la calidad de vida.<\/p>\n\n\n\n<p>Las personas interesadas en adherirse a este programa deber\u00e1n dirigirse al Centro Municipal de Salud (Pellegrini 111) y contactarse con la Lic. en Servicio Social Mar\u00eda Georgina S\u00e1nchez, los d\u00edas martes y jueves de 13:00 a 17:00.<\/p>\n\n\n\n<p>Por otro lado el municipio recuerda que se contin\u00faan con los tests r\u00e1pidos, confidenciales y gratuitos de VIH\/SIDA, los d\u00edas martes y jueves a las 14:00.<\/p>\n\n\n\n<p>Fuente: <a href=\"https:\/\/www.nortebonaerense.com.ar\/noticias\/san-nicolas-ayuda-economica-para-personas-con-vih_883369.html\">Diario El Norte<\/a><\/p>\n","protected":false},"excerpt":{"rendered":"<p>La Municipalidad de San Nicol\u00e1s, a trav\u00e9s del Servicio PRO.VIH.DA, ha iniciado las gestiones pertinentes a fin de implementar y poner en marcha el Programa de Asistencia Alimentaria (PAAI), el cual consta de un soporte econ\u00f3mico mensual para personas que viven con VIH. El beneficio del PAAI est\u00e1 dirigido a la poblaci\u00f3n que convive con [&hellip;]<\/p>\n","protected":false},"author":4,"featured_media":88844,"comment_status":"open","ping_status":"closed","sticky":false,"template":"","format":"standard","meta":{"om_disable_all_campaigns":false,"_jetpack_memberships_contains_paid_content":false,"footnotes":""},"categories":[2],"tags":[],"class_list":["post-88843","post","type-post","status-publish","format-standard","has-post-thumbnail","hentry","category-locales"],"aioseo_notices":[],"gutentor_comment":0,"jetpack_featured_media_url":"https:\/\/eldiariodesanpedro.com.ar\/sitio\/wp-content\/uploads\/2021\/03\/0_94_2.jpg","jetpack_shortlink":"https:\/\/wp.me\/p6RhLt-n6X","jetpack_sharing_enabled":true,"_links":{"self":[{"href":"https:\/\/eldiariodesanpedro.com.ar\/sitio\/wp-json\/wp\/v2\/posts\/88843","targetHints":{"allow":["GET"]}}],"collection":[{"href":"https:\/\/eldiariodesanpedro.com.ar\/sitio\/wp-json\/wp\/v2\/posts"}],"about":[{"href":"https:\/\/eldiariodesanpedro.com.ar\/sitio\/wp-json\/wp\/v2\/types\/post"}],"author":[{"embeddable":true,"href":"https:\/\/eldiariodesanpedro.com.ar\/sitio\/wp-json\/wp\/v2\/users\/4"}],"replies":[{"embeddable":true,"href":"https:\/\/eldiariodesanpedro.com.ar\/sitio\/wp-json\/wp\/v2\/comments?post=88843"}],"version-history":[{"count":1,"href":"https:\/\/eldiariodesanpedro.com.ar\/sitio\/wp-json\/wp\/v2\/posts\/88843\/revisions"}],"predecessor-version":[{"id":88845,"href":"https:\/\/eldiariodesanpedro.com.ar\/sitio\/wp-json\/wp\/v2\/posts\/88843\/revisions\/88845"}],"wp:featuredmedia":[{"embeddable":true,"href":"https:\/\/eldiariodesanpedro.com.ar\/sitio\/wp-json\/wp\/v2\/media\/88844"}],"wp:attachment":[{"href":"https:\/\/eldiariodesanpedro.com.ar\/sitio\/wp-json\/wp\/v2\/media?parent=88843"}],"wp:term":[{"taxonomy":"category","embeddable":true,"href":"https:\/\/eldiariodesanpedro.com.ar\/sitio\/wp-json\/wp\/v2\/categories?post=88843"},{"taxonomy":"post_tag","embeddable":true,"href":"https:\/\/eldiariodesanpedro.com.ar\/sitio\/wp-json\/wp\/v2\/tags?post=88843"}],"curies":[{"name":"wp","href":"https:\/\/api.w.org\/{rel}","templated":true}]}}