{"id":88840,"date":"2021-03-09T09:49:39","date_gmt":"2021-03-09T12:49:39","guid":{"rendered":"https:\/\/eldiariodesanpedro.com.ar\/sitio\/?p=88840"},"modified":"2021-03-09T09:49:43","modified_gmt":"2021-03-09T12:49:43","slug":"salazar-con-insaurralde-en-lomas-de-zamora","status":"publish","type":"post","link":"https:\/\/eldiariodesanpedro.com.ar\/sitio\/salazar-con-insaurralde-en-lomas-de-zamora\/","title":{"rendered":"Salazar con Insaurralde en Lomas de Zamora"},"content":{"rendered":"<!-- VideographyWP Plugin Message: Automatic video embedding prevented by plugin options. -->\n\n<p>El Intendente Cecilio Salazar en su car\u00e1cter de jefe comunal de San Pedro y de Presidente del Partido FE de la Provincia de Buenos Aires particip\u00f3 ayer de una reuni\u00f3n con el Intendente de Lomas de Zamora, Mart\u00edn Insaurralde.<\/p>\n\n\n\n<p>El encuentro cont\u00f3 adem\u00e1s con la participaci\u00f3n del Secretario de Gabinete de ese municipio Mart\u00edn Choren, el presidente del Partido Fe de Lomas del Zamora Jorge Ferreyra y la concejal Sandra Ferreyra tambi\u00e9n de FE Lomas de Zamora.<\/p>\n\n\n\n<p>La charla, posibilit\u00f3 un acercamiento importante con uno de los principales referentes pol\u00edticos de la provincia. La visita a esa zona estrat\u00e9gica de la provincia de Buenos Aires se enmarca en las gestiones pol\u00edticas que el Intendente Salazar viene llevando adelante, fortaleciendo la presencia del espacio pol\u00edtico que conduce a nivel provincial y estableciendo v\u00ednculos que permitir\u00e1n nuevas gestiones para los pr\u00f3ximos meses en nuestra zona.<\/p>\n","protected":false},"excerpt":{"rendered":"<p>El Intendente Cecilio Salazar en su car\u00e1cter de jefe comunal de San Pedro y de Presidente del Partido FE de la Provincia de Buenos Aires particip\u00f3 ayer de una reuni\u00f3n con el Intendente de Lomas de Zamora, Mart\u00edn Insaurralde. El encuentro cont\u00f3 adem\u00e1s con la participaci\u00f3n del Secretario de Gabinete de ese municipio Mart\u00edn Choren, [&hellip;]<\/p>\n","protected":false},"author":4,"featured_media":88841,"comment_status":"open","ping_status":"closed","sticky":false,"template":"","format":"standard","meta":{"om_disable_all_campaigns":false,"_jetpack_memberships_contains_paid_content":false,"footnotes":""},"categories":[50,101,2],"tags":[],"class_list":["post-88840","post","type-post","status-publish","format-standard","has-post-thumbnail","hentry","category-destacadas","category-interes-general-locales","category-locales"],"aioseo_notices":[],"gutentor_comment":0,"jetpack_featured_media_url":"https:\/\/eldiariodesanpedro.com.ar\/sitio\/wp-content\/uploads\/2021\/03\/WhatsApp-Image-2021-03-09-at-08.49.36.jpeg","jetpack_shortlink":"https:\/\/wp.me\/p6RhLt-n6U","jetpack_sharing_enabled":true,"_links":{"self":[{"href":"https:\/\/eldiariodesanpedro.com.ar\/sitio\/wp-json\/wp\/v2\/posts\/88840","targetHints":{"allow":["GET"]}}],"collection":[{"href":"https:\/\/eldiariodesanpedro.com.ar\/sitio\/wp-json\/wp\/v2\/posts"}],"about":[{"href":"https:\/\/eldiariodesanpedro.com.ar\/sitio\/wp-json\/wp\/v2\/types\/post"}],"author":[{"embeddable":true,"href":"https:\/\/eldiariodesanpedro.com.ar\/sitio\/wp-json\/wp\/v2\/users\/4"}],"replies":[{"embeddable":true,"href":"https:\/\/eldiariodesanpedro.com.ar\/sitio\/wp-json\/wp\/v2\/comments?post=88840"}],"version-history":[{"count":1,"href":"https:\/\/eldiariodesanpedro.com.ar\/sitio\/wp-json\/wp\/v2\/posts\/88840\/revisions"}],"predecessor-version":[{"id":88842,"href":"https:\/\/eldiariodesanpedro.com.ar\/sitio\/wp-json\/wp\/v2\/posts\/88840\/revisions\/88842"}],"wp:featuredmedia":[{"embeddable":true,"href":"https:\/\/eldiariodesanpedro.com.ar\/sitio\/wp-json\/wp\/v2\/media\/88841"}],"wp:attachment":[{"href":"https:\/\/eldiariodesanpedro.com.ar\/sitio\/wp-json\/wp\/v2\/media?parent=88840"}],"wp:term":[{"taxonomy":"category","embeddable":true,"href":"https:\/\/eldiariodesanpedro.com.ar\/sitio\/wp-json\/wp\/v2\/categories?post=88840"},{"taxonomy":"post_tag","embeddable":true,"href":"https:\/\/eldiariodesanpedro.com.ar\/sitio\/wp-json\/wp\/v2\/tags?post=88840"}],"curies":[{"name":"wp","href":"https:\/\/api.w.org\/{rel}","templated":true}]}}