{"id":88835,"date":"2021-03-09T09:46:38","date_gmt":"2021-03-09T12:46:38","guid":{"rendered":"https:\/\/eldiariodesanpedro.com.ar\/sitio\/?p=88835"},"modified":"2021-03-09T09:46:42","modified_gmt":"2021-03-09T12:46:42","slug":"cronograma-anses-de-pagos-para-este-martes","status":"publish","type":"post","link":"https:\/\/eldiariodesanpedro.com.ar\/sitio\/cronograma-anses-de-pagos-para-este-martes\/","title":{"rendered":"Cronograma Anses de pagos para este martes"},"content":{"rendered":"<!-- VideographyWP Plugin Message: Automatic video embedding prevented by plugin options. -->\n\n<p>El organismo a cargo de la Lic. Fernanda Raverta informa que hoy se abonan jubilaciones, pensiones, Asignaci\u00f3n Universal por Hijo y Asignaciones Familiares.<\/p>\n\n\n\n<p><strong>Jubilaciones\u00a0y\u00a0pensiones\u00a0del Sistema Integrado Previsional Argentino (SIPA)<\/strong><br>Las sucursales bancarias habilitadas atender\u00e1n por ventanilla a jubilados, jubiladas, pensionados y pensionadas con documentos terminados en\u00a0<strong>1\u00a0<\/strong>cuyos<strong>\u00a0haberes NO SUPEREN la suma de $23.120<\/strong>.<br>En este sentido, si bien estas personas no tienen que solicitar turno previo para cobrar el beneficio,\u00a0deben acercarse a la sucursal bancaria \u00fanicamente en la fecha asignada. Cabe recordar que los haberes permanecer\u00e1n depositados en sus cuentas.<\/p>\n\n\n\n<p><strong>Asignaci\u00f3n Universal por Hijo y Asignaci\u00f3n Familiar por Hijo<\/strong><br>Con la utilizaci\u00f3n de la tarjeta de d\u00e9bito, hoy perciben la Asignaci\u00f3n Universal por Hijo y la Asignaci\u00f3n Familiar por Hijo titulares con documentos concluidos en\u00a0<strong>1<\/strong>.<br>Conjuntamente, se paga la Ayuda Escolar Anual a quienes cobren la AUH o Asignaci\u00f3n Familiar con esa misma terminaci\u00f3n de DNI. Se abona por menor entre 4 y 16 a\u00f1os inclusive, o por hija o hijo con discapacidad, sin l\u00edmite de edad. El beneficio lo percibe uno de los progenitores o tutor y para su cobro ser\u00e1 necesario haber presentado el certificado escolar.<\/p>\n\n\n\n<p><strong>Asignaciones por Matrimonio, Adopci\u00f3n y Nacimiento<\/strong><br>A partir de hoy y hasta el 9 de abril, se pagan las Asignaciones por Matrimonio, Adopci\u00f3n y Nacimiento para todas las finalizaciones de documento.<\/p>\n\n\n\n<figure class=\"wp-block-image size-large\"><img decoding=\"async\" width=\"1024\" height=\"576\" data-attachment-id=\"88838\" data-permalink=\"https:\/\/eldiariodesanpedro.com.ar\/sitio\/cronograma-anses-de-pagos-para-este-martes\/calendario-09-03-21-1\/\" data-orig-file=\"https:\/\/eldiariodesanpedro.com.ar\/sitio\/wp-content\/uploads\/2021\/03\/CALENDARIO-09.03.21-1.jpeg\" data-orig-size=\"1280,720\" data-comments-opened=\"1\" data-image-meta=\"{&quot;aperture&quot;:&quot;0&quot;,&quot;credit&quot;:&quot;&quot;,&quot;camera&quot;:&quot;&quot;,&quot;caption&quot;:&quot;&quot;,&quot;created_timestamp&quot;:&quot;0&quot;,&quot;copyright&quot;:&quot;&quot;,&quot;focal_length&quot;:&quot;0&quot;,&quot;iso&quot;:&quot;0&quot;,&quot;shutter_speed&quot;:&quot;0&quot;,&quot;title&quot;:&quot;&quot;,&quot;orientation&quot;:&quot;0&quot;}\" data-image-title=\"CALENDARIO 09.03.21 &amp;#8211; 1\" data-image-description=\"\" data-image-caption=\"\" data-large-file=\"https:\/\/eldiariodesanpedro.com.ar\/sitio\/wp-content\/uploads\/2021\/03\/CALENDARIO-09.03.21-1-1024x576.jpeg\" data-src=\"https:\/\/eldiariodesanpedro.com.ar\/sitio\/wp-content\/uploads\/2021\/03\/CALENDARIO-09.03.21-1-1024x576.jpeg\" alt=\"\" class=\"wp-image-88838 lazyload\" data-srcset=\"https:\/\/eldiariodesanpedro.com.ar\/sitio\/wp-content\/uploads\/2021\/03\/CALENDARIO-09.03.21-1-1024x576.jpeg 1024w, https:\/\/eldiariodesanpedro.com.ar\/sitio\/wp-content\/uploads\/2021\/03\/CALENDARIO-09.03.21-1-300x169.jpeg 300w, https:\/\/eldiariodesanpedro.com.ar\/sitio\/wp-content\/uploads\/2021\/03\/CALENDARIO-09.03.21-1-768x432.jpeg 768w, https:\/\/eldiariodesanpedro.com.ar\/sitio\/wp-content\/uploads\/2021\/03\/CALENDARIO-09.03.21-1-800x450.jpeg 800w, https:\/\/eldiariodesanpedro.com.ar\/sitio\/wp-content\/uploads\/2021\/03\/CALENDARIO-09.03.21-1.jpeg 1280w\" data-sizes=\"(max-width: 1024px) 100vw, 1024px\" src=\"data:image\/svg+xml;base64,PHN2ZyB3aWR0aD0iMSIgaGVpZ2h0PSIxIiB4bWxucz0iaHR0cDovL3d3dy53My5vcmcvMjAwMC9zdmciPjwvc3ZnPg==\" style=\"--smush-placeholder-width: 1024px; --smush-placeholder-aspect-ratio: 1024\/576;\" \/><\/figure>\n\n\n\n<figure class=\"wp-block-image size-large\"><img decoding=\"async\" width=\"1024\" height=\"576\" data-attachment-id=\"88837\" data-permalink=\"https:\/\/eldiariodesanpedro.com.ar\/sitio\/cronograma-anses-de-pagos-para-este-martes\/calendario-09-03-21-2\/\" data-orig-file=\"https:\/\/eldiariodesanpedro.com.ar\/sitio\/wp-content\/uploads\/2021\/03\/CALENDARIO-09.03.21-2.jpeg\" data-orig-size=\"1280,720\" data-comments-opened=\"1\" data-image-meta=\"{&quot;aperture&quot;:&quot;0&quot;,&quot;credit&quot;:&quot;&quot;,&quot;camera&quot;:&quot;&quot;,&quot;caption&quot;:&quot;&quot;,&quot;created_timestamp&quot;:&quot;0&quot;,&quot;copyright&quot;:&quot;&quot;,&quot;focal_length&quot;:&quot;0&quot;,&quot;iso&quot;:&quot;0&quot;,&quot;shutter_speed&quot;:&quot;0&quot;,&quot;title&quot;:&quot;&quot;,&quot;orientation&quot;:&quot;0&quot;}\" data-image-title=\"CALENDARIO 09.03.21 &amp;#8211; 2\" data-image-description=\"\" data-image-caption=\"\" data-large-file=\"https:\/\/eldiariodesanpedro.com.ar\/sitio\/wp-content\/uploads\/2021\/03\/CALENDARIO-09.03.21-2-1024x576.jpeg\" data-src=\"https:\/\/eldiariodesanpedro.com.ar\/sitio\/wp-content\/uploads\/2021\/03\/CALENDARIO-09.03.21-2-1024x576.jpeg\" alt=\"\" class=\"wp-image-88837 lazyload\" data-srcset=\"https:\/\/eldiariodesanpedro.com.ar\/sitio\/wp-content\/uploads\/2021\/03\/CALENDARIO-09.03.21-2-1024x576.jpeg 1024w, https:\/\/eldiariodesanpedro.com.ar\/sitio\/wp-content\/uploads\/2021\/03\/CALENDARIO-09.03.21-2-300x169.jpeg 300w, https:\/\/eldiariodesanpedro.com.ar\/sitio\/wp-content\/uploads\/2021\/03\/CALENDARIO-09.03.21-2-768x432.jpeg 768w, https:\/\/eldiariodesanpedro.com.ar\/sitio\/wp-content\/uploads\/2021\/03\/CALENDARIO-09.03.21-2-800x450.jpeg 800w, https:\/\/eldiariodesanpedro.com.ar\/sitio\/wp-content\/uploads\/2021\/03\/CALENDARIO-09.03.21-2.jpeg 1280w\" data-sizes=\"(max-width: 1024px) 100vw, 1024px\" src=\"data:image\/svg+xml;base64,PHN2ZyB3aWR0aD0iMSIgaGVpZ2h0PSIxIiB4bWxucz0iaHR0cDovL3d3dy53My5vcmcvMjAwMC9zdmciPjwvc3ZnPg==\" style=\"--smush-placeholder-width: 1024px; --smush-placeholder-aspect-ratio: 1024\/576;\" \/><\/figure>\n\n\n\n<figure class=\"wp-block-image size-large\"><img decoding=\"async\" width=\"1024\" height=\"576\" data-attachment-id=\"88836\" data-permalink=\"https:\/\/eldiariodesanpedro.com.ar\/sitio\/cronograma-anses-de-pagos-para-este-martes\/calendario-09-03-21-3\/\" data-orig-file=\"https:\/\/eldiariodesanpedro.com.ar\/sitio\/wp-content\/uploads\/2021\/03\/CALENDARIO-09.03.21-3.jpeg\" data-orig-size=\"1280,720\" data-comments-opened=\"1\" data-image-meta=\"{&quot;aperture&quot;:&quot;0&quot;,&quot;credit&quot;:&quot;&quot;,&quot;camera&quot;:&quot;&quot;,&quot;caption&quot;:&quot;&quot;,&quot;created_timestamp&quot;:&quot;0&quot;,&quot;copyright&quot;:&quot;&quot;,&quot;focal_length&quot;:&quot;0&quot;,&quot;iso&quot;:&quot;0&quot;,&quot;shutter_speed&quot;:&quot;0&quot;,&quot;title&quot;:&quot;&quot;,&quot;orientation&quot;:&quot;0&quot;}\" data-image-title=\"CALENDARIO 09.03.21 &amp;#8211; 3\" data-image-description=\"\" data-image-caption=\"\" data-large-file=\"https:\/\/eldiariodesanpedro.com.ar\/sitio\/wp-content\/uploads\/2021\/03\/CALENDARIO-09.03.21-3-1024x576.jpeg\" data-src=\"https:\/\/eldiariodesanpedro.com.ar\/sitio\/wp-content\/uploads\/2021\/03\/CALENDARIO-09.03.21-3-1024x576.jpeg\" alt=\"\" class=\"wp-image-88836 lazyload\" data-srcset=\"https:\/\/eldiariodesanpedro.com.ar\/sitio\/wp-content\/uploads\/2021\/03\/CALENDARIO-09.03.21-3-1024x576.jpeg 1024w, https:\/\/eldiariodesanpedro.com.ar\/sitio\/wp-content\/uploads\/2021\/03\/CALENDARIO-09.03.21-3-300x169.jpeg 300w, https:\/\/eldiariodesanpedro.com.ar\/sitio\/wp-content\/uploads\/2021\/03\/CALENDARIO-09.03.21-3-768x432.jpeg 768w, https:\/\/eldiariodesanpedro.com.ar\/sitio\/wp-content\/uploads\/2021\/03\/CALENDARIO-09.03.21-3-800x450.jpeg 800w, https:\/\/eldiariodesanpedro.com.ar\/sitio\/wp-content\/uploads\/2021\/03\/CALENDARIO-09.03.21-3.jpeg 1280w\" data-sizes=\"(max-width: 1024px) 100vw, 1024px\" src=\"data:image\/svg+xml;base64,PHN2ZyB3aWR0aD0iMSIgaGVpZ2h0PSIxIiB4bWxucz0iaHR0cDovL3d3dy53My5vcmcvMjAwMC9zdmciPjwvc3ZnPg==\" style=\"--smush-placeholder-width: 1024px; --smush-placeholder-aspect-ratio: 1024\/576;\" \/><\/figure>\n","protected":false},"excerpt":{"rendered":"<p>El organismo a cargo de la Lic. Fernanda Raverta informa que hoy se abonan jubilaciones, pensiones, Asignaci\u00f3n Universal por Hijo y Asignaciones Familiares. Jubilaciones\u00a0y\u00a0pensiones\u00a0del Sistema Integrado Previsional Argentino (SIPA)Las sucursales bancarias habilitadas atender\u00e1n por ventanilla a jubilados, jubiladas, pensionados y pensionadas con documentos terminados en\u00a01\u00a0cuyos\u00a0haberes NO SUPEREN la suma de $23.120.En este sentido, si bien [&hellip;]<\/p>\n","protected":false},"author":4,"featured_media":81057,"comment_status":"open","ping_status":"closed","sticky":false,"template":"","format":"standard","meta":{"om_disable_all_campaigns":false,"_jetpack_memberships_contains_paid_content":false,"footnotes":""},"categories":[101,2],"tags":[],"class_list":["post-88835","post","type-post","status-publish","format-standard","has-post-thumbnail","hentry","category-interes-general-locales","category-locales"],"aioseo_notices":[],"gutentor_comment":0,"jetpack_featured_media_url":"https:\/\/eldiariodesanpedro.com.ar\/sitio\/wp-content\/uploads\/2020\/09\/15929411259273.jpg","jetpack_shortlink":"https:\/\/wp.me\/p6RhLt-n6P","jetpack_sharing_enabled":true,"_links":{"self":[{"href":"https:\/\/eldiariodesanpedro.com.ar\/sitio\/wp-json\/wp\/v2\/posts\/88835","targetHints":{"allow":["GET"]}}],"collection":[{"href":"https:\/\/eldiariodesanpedro.com.ar\/sitio\/wp-json\/wp\/v2\/posts"}],"about":[{"href":"https:\/\/eldiariodesanpedro.com.ar\/sitio\/wp-json\/wp\/v2\/types\/post"}],"author":[{"embeddable":true,"href":"https:\/\/eldiariodesanpedro.com.ar\/sitio\/wp-json\/wp\/v2\/users\/4"}],"replies":[{"embeddable":true,"href":"https:\/\/eldiariodesanpedro.com.ar\/sitio\/wp-json\/wp\/v2\/comments?post=88835"}],"version-history":[{"count":1,"href":"https:\/\/eldiariodesanpedro.com.ar\/sitio\/wp-json\/wp\/v2\/posts\/88835\/revisions"}],"predecessor-version":[{"id":88839,"href":"https:\/\/eldiariodesanpedro.com.ar\/sitio\/wp-json\/wp\/v2\/posts\/88835\/revisions\/88839"}],"wp:featuredmedia":[{"embeddable":true,"href":"https:\/\/eldiariodesanpedro.com.ar\/sitio\/wp-json\/wp\/v2\/media\/81057"}],"wp:attachment":[{"href":"https:\/\/eldiariodesanpedro.com.ar\/sitio\/wp-json\/wp\/v2\/media?parent=88835"}],"wp:term":[{"taxonomy":"category","embeddable":true,"href":"https:\/\/eldiariodesanpedro.com.ar\/sitio\/wp-json\/wp\/v2\/categories?post=88835"},{"taxonomy":"post_tag","embeddable":true,"href":"https:\/\/eldiariodesanpedro.com.ar\/sitio\/wp-json\/wp\/v2\/tags?post=88835"}],"curies":[{"name":"wp","href":"https:\/\/api.w.org\/{rel}","templated":true}]}}