{"id":88828,"date":"2021-03-08T21:21:27","date_gmt":"2021-03-09T00:21:27","guid":{"rendered":"https:\/\/eldiariodesanpedro.com.ar\/sitio\/?p=88828"},"modified":"2021-03-08T21:26:37","modified_gmt":"2021-03-09T00:26:37","slug":"gran-convocatoria-en-la-marcha-por-el-dia-internacional-de-la-mujer-2","status":"publish","type":"post","link":"https:\/\/eldiariodesanpedro.com.ar\/sitio\/gran-convocatoria-en-la-marcha-por-el-dia-internacional-de-la-mujer-2\/","title":{"rendered":"Gran convocatoria en la marcha por el Dia Internacional de la Mujer"},"content":{"rendered":"<!-- VideographyWP Plugin Message: Automatic video embedding prevented by plugin options. -->\n\n<p>Este lunes como estaba previsto en nuestra ciudad como en todo el pa\u00eds se realizo una concentraci\u00f3n y marcha por las calles de la ciudad hasta llegar frente a la fiscal\u00eda local donde se dio lectura a una carta hacia la sociedad.<\/p>\n\n\n\n<p>Con el Dia Internacional de la Mujer se realizo la tradicional marcha que en esta ocasi\u00f3n tenia como meta visibilizar \u00abLa falta de derechos de la mujer en tiempos de covid\u00bb y de esta manera mostrar como las mujeres sufrieron durante la cuarentena.L<\/p>\n\n\n\n<p>La marcha tuvo lugar por las calle c\u00e9ntricas despu\u00e9s de la concentraci\u00f3n en calle 9 de Julio y Pellegrini, y se dirigieron hasta la fiscal\u00eda local donde se ley\u00f3 una carta.<\/p>\n\n\n\n<p>El texto le\u00eddo:<\/p>\n\n\n\n<p><em>\u00abEste 8M decidimos volver a las calles, que no vamos a soltar, porque sabemos que nuestras luchas y nuestras victorias se dan en este espacio. Este 8 de marzo decidimos parar en todo el mundo, para hacer temblar la tierra otra vez, para poner en la calle nuestras demandas, para decirle basta a la justicia patriarcal y a la polic\u00eda que nos dispara.<br>Este 8 de marzo, despu\u00e9s de un 2020 atravesado por la pandemia y la pobreza generada en muchas familias por el no poder trabajar, salimos otra vez a la calle porque sabemos lo que es ponerle el cuerpo a la lucha de ganar el pan todos los d\u00edas para que nuestros pibes tengan de comer. Porque queremos confrontar la precarizaci\u00f3n de nuestras vidas y la explotaci\u00f3n a las que somos sometidas en jornadas sin l\u00edmites y por la inflaci\u00f3n promovida por las corporaciones.<br>Somos mujeres diciendo que no vamos a pagar la crisis econ\u00f3mica mundial con nuestros cuerpos ni nuestros territorios. Queremos parar, interrumpir, decirle basta a la normalidad de esta m\u00e1quina mundial de acumular pobreza. Queremos la autonom\u00eda econ\u00f3mica, queremos soluciones reales, queremos un estado presente.<br>Exigimos al Estado que garantice tierra, techo y trabajo para todas las que siempre hemos sido postergadas. Necesitamos programas de viviendas que den cumplimiento a una de nuestras necesidades b\u00e1sicas. Exigimos que a ello se destinen los recursos del Estado y no a sostener los aparatos represivos que recaen sobre nuestros cuerpos cuando movidas por la necesidad de garantizar un techo a nuestras familias, nos vemos obligadas a tomar terrenos, como ocurri\u00f3 en Guernica o ac\u00e1 nom\u00e1s, a unas cuadras, en D\u00e1vila y Cruz Roja, hace dos a\u00f1os, bajo la gesti\u00f3n del actual intendente Cecilio Salzar. El problema habitacional que nos aqueja es ahora, es urgente.<br>Decimos que el Estado es responsable y por ello le pedimos al gobierno de Alberto Fern\u00e1ndez la declaraci\u00f3n de la Emergencia Nacional en cuestiones de g\u00e9nero. Necesitamos pol\u00edticas reales en territorio para llegar a cada mujer, pol\u00edticas transversales que no duerman en los pasillos del ministerio.<br>Exigimos salarios y jubilaciones que le ganen a la inflaci\u00f3n y que los subsidios a las mujeres en situaci\u00f3n de violencia sean entregados de forma inmediata: la burocracia no hace m\u00e1s que revictimizar y pone en riesgo permanente a las v\u00edctimas. Exigimos adem\u00e1s el reconocimiento salarial de las promotoras territoriales y de g\u00e9nero: trabajadoras somos todas.<br>Por estas consignas, entre otras, seguimos en la calle, nuestro territorio de lucha. En estas calles ganamos el aborto legal, seguro y gratuito, un hito que nos vuelve a demostrar que la lucha es colectiva y que los derechos se ganan dando pelea ante los poderes reales. Hoy garantizamos en todo el pa\u00eds que las mujeres y los cuerpos gestantes tengan el derecho a decidir. Porque la maternidad, compa\u00f1eras, ser\u00e1 deseada o no ser\u00e1.<br>Por ellos exigimos la urgente implementaci\u00f3n de la Ley en todo el territorio nacional. Basta de excusas, nuestros cuerpos, nuestras decisiones.<br>Hoy salimos a pelear nuevamente para que dejen de matarnos. En los dos primeros meses del 2021, un total de 69 mujeres, travestis o trans fueron asesinadas, con la espeluznante cifra de una muerte violenta cada 21 horas. Si contamos solo femicidios, trans o travesticidios, una mujer es asesinada cada 30 horas.<br>La mayor\u00eda de estos femicidios se dieron en la provincia de Buenos Aires, en la mayor cantidad de casos en manos de la pareja o ex pareja de las v\u00edctimas. El 29% de las mujeres v\u00edctimas de femicidios hab\u00eda denunciado a su agresor previamente. El 19% ten\u00eda orden de restricci\u00f3n de contacto o perimetral. El 4% ten\u00eda bot\u00f3n antip\u00e1nico.<br>Esto demuestra una vez m\u00e1s que cuando las mujeres asistimos como denunciantes al Poder Judicial, nuestro testimonio no es tomado con la urgencia que amerita, y que esta desatenci\u00f3n de la Justicia nos cuesta la vida. Desde hace tiempo venimos se\u00f1alando la necesidad urgente de una verdadera reforma judicial que, para empezar, recupere la voz de las denunciantes en cada caso particular. Queremos que el poder judicial llegue a tiempo, con capacidad para prevenir los delitos que tantas veces son denunciados y deso\u00eddos. Queremos que las voces de las personas que denuncian sean escuchadas y no revictimizadas.<br>Necesitamos el cumplimiento efectivo de la capacitaci\u00f3n en g\u00e9nero que impone la Ley Micaela pero que no se implementa en todos los territorios de igual modo y que en muchos casos se limita a un peque\u00f1o curso que poco tiene que ver con las pr\u00e1cticas cotidianas de cada trabajadore, funcionarie y\/o magistrade. Sin ir m\u00e1s lejos la propia Corte Suprema de la Naci\u00f3n hace o\u00eddos sordos al llamamiento para llevar a cabo la capacitaci\u00f3n.<br>Necesitamos una justicia con perspectiva de g\u00e9nero, que nos ampare y nos proteja, que nos crea, que nos escuche, que avance sobre los victimarios.<br>Necesitamos tambi\u00e9n que el gobernador Axel Kicillof y el ministro Sergio Berni impulsen de manera urgente una reforma estructural de la Polic\u00eda Bonaerense. Hoy, la fuerza policial tiene entre sus filas a m\u00e1s de 6 mil denunciados por violencia de g\u00e9nero, de los cuales el 80 por ciento sigue en funciones. En muchos casos, como vimos en el femicidio de \u00darsula Bah\u00edllo, en Rojas, o en el de Graciela Funes, en General Madariaga, por citar dos casos recientes, los femicidas eran efectivos policiales con denuncias por violencia de g\u00e9nero y\/o abusos, que hab\u00edan sido licenciados con goce de sueldo con carpeta psiqui\u00e1trica pero ten\u00edan a\u00fan el arma reglamentaria.<br>Cabe aclarar, adem\u00e1s, que, sin son 6 mil las denuncias, deber\u00edamos multiplicarlas vaya a saber por cu\u00e1nto, porque como tambi\u00e9n el caso de \u00darsula deja al descubierto, no siempre a las v\u00edctimas se les reciben las denuncias, y mucho menos cuando el victimario pertenece a la misma fuerza que debe hacerlo. La revictimizaci\u00f3n a la que son sometidas quienes pretenden denunciar tambi\u00e9n es un mecanismo de protecci\u00f3n de los violentos, y \u00abayuda\u00bb a las estad\u00edsticas de Berni.<br>En San Pedro, el intendente Cecilio Salazar firm\u00f3 el decreto que crea la subsecretar\u00eda de Pol\u00edticas de G\u00e9nero, Mujeres y Diversidad. Este ha sido un reclamo sostenido por todo el arco feminista local que tambi\u00e9n debemos celebrar como un logro de la lucha en las calles. Celebramos la conformaci\u00f3n del \u00e1rea pero recordamos que las pol\u00edticas de g\u00e9nero deben ser transversales a toda la administraci\u00f3n local, as\u00ed como a la provincial y nacional.<br>El Ni Una Menos no cierra sin pol\u00edticas p\u00fablicas. Exigimos que les profesionales y administratives que se desempe\u00f1en en el \u00e1rea cuenten con la formaci\u00f3n en g\u00e9nero y diversidades sexuales que les permitan no solo la empat\u00eda sino el poder brindar soluciones concretas y reales a las v\u00edctimas. Para ello, pedimos que haya concursos abiertos y poder conocer la formaci\u00f3n y trayectoria de cada profesional y\/o empleade del \u00e1rea.<br>Necesitamos conocer cu\u00e1l ser\u00e1 el presupuesto con el que contar\u00e1 la subsecretar\u00eda y conocer luego c\u00f3mo fue ejecutado el mismo. Necesitamos que el Estado local est\u00e9 presente para las victimas y su resguardo.<br>El Estado es responsable y como tal nuestras demandas y reclamos apuntan a las distintas instancias que integran los tres poderes. Pero este 8 de marzo tambi\u00e9n queremos hablarle a los varones, porque el Ni Una Menos tampoco cierra sin el compromiso de todes. Es imperioso y urgente que asuman su rol dentro e este sistema que se garantiza y se sostiene con nuestros cuerpos. No necesitamos aliades ni que digan y repitan que jam\u00e1s har\u00edan da\u00f1o a una mujer porque tienen madre, hermanas, abuelas y hasta hijas, como quien enumera propiedades que tiene que cuidar.<br>No necesitamos que nos cuiden: necesitamos que no nos maten, que no miren para otro lado ante la violencia, que no cubran al amigo violento ni al que hace chistes mis\u00f3ginos, ni al que maltrata y denigra a su pareja; ni al que insulta o reproduce estereotipos de g\u00e9nero. Basta de justificar abusos. Basta de decir que no son femicidas o violadores, como buscando la felicitaci\u00f3n.<br>Cuestionar el sistema, tirar el patriarcado implica poner fin a sus privilegios, sin esa deconstrucci\u00f3n nunca habr\u00e1 ni una menos.<br>En San Pedro nos mataron a Florencia, a Natalia, a Mariela y a Mar\u00eda Esperanza. En el pa\u00eds nos matan compa\u00f1eras todos los d\u00edas, nos desaparecen pibas a diario, nos violan, y castigan nuestros cuerpos con golpes e insultos. Por todas ellas y por nosotras salimos a la calle. Porque ni una menos es un grito colectivo al que no callan los barbijos, porque nosotras ya aprendimos que no nos vamos a callar m\u00e1s.<br>\u00a1Arriba el feminismo que va a vencer!\u00bb<\/em><\/p>\n\n\n\n<figure class=\"wp-block-embed-facebook wp-block-embed is-type-rich is-provider-gestor-del-servicio\"><div class=\"wp-block-embed__wrapper\">\n<div class=\"fb-post\" data-href=\"https:\/\/www.facebook.com\/eldiario.desanpedro\/posts\/1514356898773444\" data-width=\"552\" style=\"background-color: #fff; display: inline-block;\"><\/div>\n<\/div><\/figure>\n\n\n\n<iframe data-src=\"https:\/\/www.facebook.com\/plugins\/video.php?height=314&#038;href=https%3A%2F%2Fwww.facebook.com%2Feldiario.desanpedro%2Fvideos%2F780513135941581%2F&#038;show_text=false&#038;width=560\" width=\"560\" height=\"314\" style=\"border:none;overflow:hidden\" scrolling=\"no\" frameborder=\"0\" allowfullscreen=\"true\" allow=\"autoplay; clipboard-write; encrypted-media; picture-in-picture; web-share\" allowFullScreen=\"true\" src=\"data:image\/svg+xml;base64,PHN2ZyB3aWR0aD0iMSIgaGVpZ2h0PSIxIiB4bWxucz0iaHR0cDovL3d3dy53My5vcmcvMjAwMC9zdmciPjwvc3ZnPg==\" class=\"lazyload\" data-load-mode=\"1\"><\/iframe>\n\n\n\n<iframe data-src=\"https:\/\/www.facebook.com\/plugins\/video.php?height=314&#038;href=https%3A%2F%2Fwww.facebook.com%2Feldiario.desanpedro%2Fvideos%2F1425274364483310%2F&#038;show_text=false&#038;width=560\" width=\"560\" height=\"314\" style=\"border:none;overflow:hidden\" scrolling=\"no\" frameborder=\"0\" allowfullscreen=\"true\" allow=\"autoplay; clipboard-write; encrypted-media; picture-in-picture; web-share\" allowFullScreen=\"true\" src=\"data:image\/svg+xml;base64,PHN2ZyB3aWR0aD0iMSIgaGVpZ2h0PSIxIiB4bWxucz0iaHR0cDovL3d3dy53My5vcmcvMjAwMC9zdmciPjwvc3ZnPg==\" class=\"lazyload\" data-load-mode=\"1\"><\/iframe>\n","protected":false},"excerpt":{"rendered":"<p>Este lunes como estaba previsto en nuestra ciudad como en todo el pa\u00eds se realizo una concentraci\u00f3n y marcha por las calles de la ciudad hasta llegar frente a la fiscal\u00eda local donde se dio lectura a una carta hacia la sociedad. Con el Dia Internacional de la Mujer se realizo la tradicional marcha que [&hellip;]<\/p>\n","protected":false},"author":4,"featured_media":88830,"comment_status":"open","ping_status":"closed","sticky":false,"template":"","format":"standard","meta":{"om_disable_all_campaigns":false,"_jetpack_memberships_contains_paid_content":false,"footnotes":""},"categories":[50,101,2],"tags":[],"class_list":["post-88828","post","type-post","status-publish","format-standard","has-post-thumbnail","hentry","category-destacadas","category-interes-general-locales","category-locales"],"aioseo_notices":[],"gutentor_comment":0,"jetpack_featured_media_url":"https:\/\/eldiariodesanpedro.com.ar\/sitio\/wp-content\/uploads\/2021\/03\/158114230_1514355582106909_2353184419007014377_o.jpg","jetpack_shortlink":"https:\/\/wp.me\/p6RhLt-n6I","jetpack_sharing_enabled":true,"_links":{"self":[{"href":"https:\/\/eldiariodesanpedro.com.ar\/sitio\/wp-json\/wp\/v2\/posts\/88828","targetHints":{"allow":["GET"]}}],"collection":[{"href":"https:\/\/eldiariodesanpedro.com.ar\/sitio\/wp-json\/wp\/v2\/posts"}],"about":[{"href":"https:\/\/eldiariodesanpedro.com.ar\/sitio\/wp-json\/wp\/v2\/types\/post"}],"author":[{"embeddable":true,"href":"https:\/\/eldiariodesanpedro.com.ar\/sitio\/wp-json\/wp\/v2\/users\/4"}],"replies":[{"embeddable":true,"href":"https:\/\/eldiariodesanpedro.com.ar\/sitio\/wp-json\/wp\/v2\/comments?post=88828"}],"version-history":[{"count":2,"href":"https:\/\/eldiariodesanpedro.com.ar\/sitio\/wp-json\/wp\/v2\/posts\/88828\/revisions"}],"predecessor-version":[{"id":88834,"href":"https:\/\/eldiariodesanpedro.com.ar\/sitio\/wp-json\/wp\/v2\/posts\/88828\/revisions\/88834"}],"wp:featuredmedia":[{"embeddable":true,"href":"https:\/\/eldiariodesanpedro.com.ar\/sitio\/wp-json\/wp\/v2\/media\/88830"}],"wp:attachment":[{"href":"https:\/\/eldiariodesanpedro.com.ar\/sitio\/wp-json\/wp\/v2\/media?parent=88828"}],"wp:term":[{"taxonomy":"category","embeddable":true,"href":"https:\/\/eldiariodesanpedro.com.ar\/sitio\/wp-json\/wp\/v2\/categories?post=88828"},{"taxonomy":"post_tag","embeddable":true,"href":"https:\/\/eldiariodesanpedro.com.ar\/sitio\/wp-json\/wp\/v2\/tags?post=88828"}],"curies":[{"name":"wp","href":"https:\/\/api.w.org\/{rel}","templated":true}]}}