{"id":88819,"date":"2021-03-08T18:49:18","date_gmt":"2021-03-08T21:49:18","guid":{"rendered":"https:\/\/eldiariodesanpedro.com.ar\/sitio\/?p=88819"},"modified":"2021-03-08T18:49:23","modified_gmt":"2021-03-08T21:49:23","slug":"alfredo-carrasco-juro-como-nuevo-secretario-de-desarrollo-economico","status":"publish","type":"post","link":"https:\/\/eldiariodesanpedro.com.ar\/sitio\/alfredo-carrasco-juro-como-nuevo-secretario-de-desarrollo-economico\/","title":{"rendered":"Alfredo Carrasco jur\u00f3 como nuevo Secretario de Desarrollo Econ\u00f3mico"},"content":{"rendered":"<!-- VideographyWP Plugin Message: Automatic video embedding prevented by plugin options. -->\n\n<p>El Intendente Cecilio Salazar tom\u00f3 juramento esta ma\u00f1ana al nuevo Secretario de Desarrollo Econ\u00f3mico, Alfredo Carrasco. El acto se cumpli\u00f3 en el despacho oficial con la participaci\u00f3n de funcionarios, concejales, familiares y allegados del nuevo miembro del gabinete. <\/p>\n\n\n\n<p>Antes del juramento, el Intendente comparti\u00f3 con sus colaboradores un mensaje de aliento para seguir trabajando en todos los proyectos e iniciativas que est\u00e1n en marcha, remarcando que existe un muy bien v\u00ednculo con el gobierno provincial y nacional que posibilitar\u00e1 seguir sirviendo a todos los sampedrinos.<\/p>\n\n\n\n<p>El nuevo secretario agradeci\u00f3 la confianza depositada para esta oportunidad de ser parte del equipo del gobierno de San Pedro. <\/p>\n\n\n\n<p>Carrasco destac\u00f3 que, despu\u00e9s del a\u00f1o de Pandemia, el objetivo estar\u00e1 puesto en la reactivaci\u00f3n econ\u00f3mica con todas las herramientas con las que hoy se puede contar.<\/p>\n\n\n\n<figure class=\"wp-block-image size-large\"><img decoding=\"async\" width=\"1024\" height=\"682\" data-attachment-id=\"88823\" data-permalink=\"https:\/\/eldiariodesanpedro.com.ar\/sitio\/alfredo-carrasco-juro-como-nuevo-secretario-de-desarrollo-economico\/img-20210308-wa0072\/\" data-orig-file=\"https:\/\/eldiariodesanpedro.com.ar\/sitio\/wp-content\/uploads\/2021\/03\/IMG-20210308-WA0072.jpg\" data-orig-size=\"1280,853\" data-comments-opened=\"1\" data-image-meta=\"{&quot;aperture&quot;:&quot;0&quot;,&quot;credit&quot;:&quot;&quot;,&quot;camera&quot;:&quot;&quot;,&quot;caption&quot;:&quot;&quot;,&quot;created_timestamp&quot;:&quot;0&quot;,&quot;copyright&quot;:&quot;&quot;,&quot;focal_length&quot;:&quot;0&quot;,&quot;iso&quot;:&quot;0&quot;,&quot;shutter_speed&quot;:&quot;0&quot;,&quot;title&quot;:&quot;&quot;,&quot;orientation&quot;:&quot;0&quot;}\" data-image-title=\"IMG-20210308-WA0072\" data-image-description=\"\" data-image-caption=\"\" data-large-file=\"https:\/\/eldiariodesanpedro.com.ar\/sitio\/wp-content\/uploads\/2021\/03\/IMG-20210308-WA0072-1024x682.jpg\" data-src=\"https:\/\/eldiariodesanpedro.com.ar\/sitio\/wp-content\/uploads\/2021\/03\/IMG-20210308-WA0072-1024x682.jpg\" alt=\"\" class=\"wp-image-88823 lazyload\" data-srcset=\"https:\/\/eldiariodesanpedro.com.ar\/sitio\/wp-content\/uploads\/2021\/03\/IMG-20210308-WA0072-1024x682.jpg 1024w, https:\/\/eldiariodesanpedro.com.ar\/sitio\/wp-content\/uploads\/2021\/03\/IMG-20210308-WA0072-300x200.jpg 300w, https:\/\/eldiariodesanpedro.com.ar\/sitio\/wp-content\/uploads\/2021\/03\/IMG-20210308-WA0072-768x512.jpg 768w, https:\/\/eldiariodesanpedro.com.ar\/sitio\/wp-content\/uploads\/2021\/03\/IMG-20210308-WA0072.jpg 1280w\" data-sizes=\"(max-width: 1024px) 100vw, 1024px\" src=\"data:image\/svg+xml;base64,PHN2ZyB3aWR0aD0iMSIgaGVpZ2h0PSIxIiB4bWxucz0iaHR0cDovL3d3dy53My5vcmcvMjAwMC9zdmciPjwvc3ZnPg==\" style=\"--smush-placeholder-width: 1024px; --smush-placeholder-aspect-ratio: 1024\/682;\" \/><\/figure>\n\n\n\n<figure class=\"wp-block-image size-large\"><img decoding=\"async\" width=\"1024\" height=\"762\" data-attachment-id=\"88822\" data-permalink=\"https:\/\/eldiariodesanpedro.com.ar\/sitio\/alfredo-carrasco-juro-como-nuevo-secretario-de-desarrollo-economico\/img-20210308-wa0069\/\" data-orig-file=\"https:\/\/eldiariodesanpedro.com.ar\/sitio\/wp-content\/uploads\/2021\/03\/IMG-20210308-WA0069.jpg\" data-orig-size=\"1280,952\" data-comments-opened=\"1\" data-image-meta=\"{&quot;aperture&quot;:&quot;0&quot;,&quot;credit&quot;:&quot;&quot;,&quot;camera&quot;:&quot;&quot;,&quot;caption&quot;:&quot;&quot;,&quot;created_timestamp&quot;:&quot;0&quot;,&quot;copyright&quot;:&quot;&quot;,&quot;focal_length&quot;:&quot;0&quot;,&quot;iso&quot;:&quot;0&quot;,&quot;shutter_speed&quot;:&quot;0&quot;,&quot;title&quot;:&quot;&quot;,&quot;orientation&quot;:&quot;0&quot;}\" data-image-title=\"IMG-20210308-WA0069\" data-image-description=\"\" data-image-caption=\"\" data-large-file=\"https:\/\/eldiariodesanpedro.com.ar\/sitio\/wp-content\/uploads\/2021\/03\/IMG-20210308-WA0069-1024x762.jpg\" data-src=\"https:\/\/eldiariodesanpedro.com.ar\/sitio\/wp-content\/uploads\/2021\/03\/IMG-20210308-WA0069-1024x762.jpg\" alt=\"\" class=\"wp-image-88822 lazyload\" data-srcset=\"https:\/\/eldiariodesanpedro.com.ar\/sitio\/wp-content\/uploads\/2021\/03\/IMG-20210308-WA0069-1024x762.jpg 1024w, https:\/\/eldiariodesanpedro.com.ar\/sitio\/wp-content\/uploads\/2021\/03\/IMG-20210308-WA0069-300x223.jpg 300w, https:\/\/eldiariodesanpedro.com.ar\/sitio\/wp-content\/uploads\/2021\/03\/IMG-20210308-WA0069-768x571.jpg 768w, https:\/\/eldiariodesanpedro.com.ar\/sitio\/wp-content\/uploads\/2021\/03\/IMG-20210308-WA0069.jpg 1280w\" data-sizes=\"(max-width: 1024px) 100vw, 1024px\" src=\"data:image\/svg+xml;base64,PHN2ZyB3aWR0aD0iMSIgaGVpZ2h0PSIxIiB4bWxucz0iaHR0cDovL3d3dy53My5vcmcvMjAwMC9zdmciPjwvc3ZnPg==\" style=\"--smush-placeholder-width: 1024px; --smush-placeholder-aspect-ratio: 1024\/762;\" \/><\/figure>\n\n\n\n<figure class=\"wp-block-image size-large\"><img decoding=\"async\" width=\"1024\" height=\"661\" data-attachment-id=\"88821\" data-permalink=\"https:\/\/eldiariodesanpedro.com.ar\/sitio\/alfredo-carrasco-juro-como-nuevo-secretario-de-desarrollo-economico\/img-20210308-wa0070\/\" data-orig-file=\"https:\/\/eldiariodesanpedro.com.ar\/sitio\/wp-content\/uploads\/2021\/03\/IMG-20210308-WA0070.jpg\" data-orig-size=\"1280,826\" data-comments-opened=\"1\" data-image-meta=\"{&quot;aperture&quot;:&quot;0&quot;,&quot;credit&quot;:&quot;&quot;,&quot;camera&quot;:&quot;&quot;,&quot;caption&quot;:&quot;&quot;,&quot;created_timestamp&quot;:&quot;0&quot;,&quot;copyright&quot;:&quot;&quot;,&quot;focal_length&quot;:&quot;0&quot;,&quot;iso&quot;:&quot;0&quot;,&quot;shutter_speed&quot;:&quot;0&quot;,&quot;title&quot;:&quot;&quot;,&quot;orientation&quot;:&quot;0&quot;}\" data-image-title=\"IMG-20210308-WA0070\" data-image-description=\"\" data-image-caption=\"\" data-large-file=\"https:\/\/eldiariodesanpedro.com.ar\/sitio\/wp-content\/uploads\/2021\/03\/IMG-20210308-WA0070-1024x661.jpg\" data-src=\"https:\/\/eldiariodesanpedro.com.ar\/sitio\/wp-content\/uploads\/2021\/03\/IMG-20210308-WA0070-1024x661.jpg\" alt=\"\" class=\"wp-image-88821 lazyload\" data-srcset=\"https:\/\/eldiariodesanpedro.com.ar\/sitio\/wp-content\/uploads\/2021\/03\/IMG-20210308-WA0070-1024x661.jpg 1024w, https:\/\/eldiariodesanpedro.com.ar\/sitio\/wp-content\/uploads\/2021\/03\/IMG-20210308-WA0070-300x194.jpg 300w, https:\/\/eldiariodesanpedro.com.ar\/sitio\/wp-content\/uploads\/2021\/03\/IMG-20210308-WA0070-768x496.jpg 768w, https:\/\/eldiariodesanpedro.com.ar\/sitio\/wp-content\/uploads\/2021\/03\/IMG-20210308-WA0070.jpg 1280w\" data-sizes=\"(max-width: 1024px) 100vw, 1024px\" src=\"data:image\/svg+xml;base64,PHN2ZyB3aWR0aD0iMSIgaGVpZ2h0PSIxIiB4bWxucz0iaHR0cDovL3d3dy53My5vcmcvMjAwMC9zdmciPjwvc3ZnPg==\" style=\"--smush-placeholder-width: 1024px; --smush-placeholder-aspect-ratio: 1024\/661;\" \/><\/figure>\n","protected":false},"excerpt":{"rendered":"<p>El Intendente Cecilio Salazar tom\u00f3 juramento esta ma\u00f1ana al nuevo Secretario de Desarrollo Econ\u00f3mico, Alfredo Carrasco. El acto se cumpli\u00f3 en el despacho oficial con la participaci\u00f3n de funcionarios, concejales, familiares y allegados del nuevo miembro del gabinete. Antes del juramento, el Intendente comparti\u00f3 con sus colaboradores un mensaje de aliento para seguir trabajando en [&hellip;]<\/p>\n","protected":false},"author":4,"featured_media":88824,"comment_status":"open","ping_status":"closed","sticky":false,"template":"","format":"standard","meta":{"om_disable_all_campaigns":false,"_jetpack_memberships_contains_paid_content":false,"footnotes":""},"categories":[50,101,2],"tags":[],"class_list":["post-88819","post","type-post","status-publish","format-standard","has-post-thumbnail","hentry","category-destacadas","category-interes-general-locales","category-locales"],"aioseo_notices":[],"gutentor_comment":0,"jetpack_featured_media_url":"https:\/\/eldiariodesanpedro.com.ar\/sitio\/wp-content\/uploads\/2021\/03\/IMG-20210308-WA0071.jpg","jetpack_shortlink":"https:\/\/wp.me\/p6RhLt-n6z","jetpack_sharing_enabled":true,"_links":{"self":[{"href":"https:\/\/eldiariodesanpedro.com.ar\/sitio\/wp-json\/wp\/v2\/posts\/88819","targetHints":{"allow":["GET"]}}],"collection":[{"href":"https:\/\/eldiariodesanpedro.com.ar\/sitio\/wp-json\/wp\/v2\/posts"}],"about":[{"href":"https:\/\/eldiariodesanpedro.com.ar\/sitio\/wp-json\/wp\/v2\/types\/post"}],"author":[{"embeddable":true,"href":"https:\/\/eldiariodesanpedro.com.ar\/sitio\/wp-json\/wp\/v2\/users\/4"}],"replies":[{"embeddable":true,"href":"https:\/\/eldiariodesanpedro.com.ar\/sitio\/wp-json\/wp\/v2\/comments?post=88819"}],"version-history":[{"count":1,"href":"https:\/\/eldiariodesanpedro.com.ar\/sitio\/wp-json\/wp\/v2\/posts\/88819\/revisions"}],"predecessor-version":[{"id":88825,"href":"https:\/\/eldiariodesanpedro.com.ar\/sitio\/wp-json\/wp\/v2\/posts\/88819\/revisions\/88825"}],"wp:featuredmedia":[{"embeddable":true,"href":"https:\/\/eldiariodesanpedro.com.ar\/sitio\/wp-json\/wp\/v2\/media\/88824"}],"wp:attachment":[{"href":"https:\/\/eldiariodesanpedro.com.ar\/sitio\/wp-json\/wp\/v2\/media?parent=88819"}],"wp:term":[{"taxonomy":"category","embeddable":true,"href":"https:\/\/eldiariodesanpedro.com.ar\/sitio\/wp-json\/wp\/v2\/categories?post=88819"},{"taxonomy":"post_tag","embeddable":true,"href":"https:\/\/eldiariodesanpedro.com.ar\/sitio\/wp-json\/wp\/v2\/tags?post=88819"}],"curies":[{"name":"wp","href":"https:\/\/api.w.org\/{rel}","templated":true}]}}