{"id":88812,"date":"2021-03-08T18:02:29","date_gmt":"2021-03-08T21:02:29","guid":{"rendered":"https:\/\/eldiariodesanpedro.com.ar\/sitio\/?p=88812"},"modified":"2021-03-08T18:02:32","modified_gmt":"2021-03-08T21:02:32","slug":"san-nicolas-murio-un-joven-tras-sufrir-un-accidente-en-moto-contra-otro-rodado","status":"publish","type":"post","link":"https:\/\/eldiariodesanpedro.com.ar\/sitio\/san-nicolas-murio-un-joven-tras-sufrir-un-accidente-en-moto-contra-otro-rodado\/","title":{"rendered":"SAN NICOL\u00c1S | Muri\u00f3 un joven tras sufrir un accidente en moto contra otro rodado"},"content":{"rendered":"<!-- VideographyWP Plugin Message: Automatic video embedding prevented by plugin options. -->\n\n<p>El fatal hecho ocurri\u00f3 en inmediaciones de calle Jos\u00e9 Hern\u00e1ndez y San Juan, en horas de la noche del domingo. El siniestro fue entre dos motos Honda CG.<br><br>Uno de los rodados era conducido por un joven de 18 a\u00f1os, mientras que el otro conductor fue identificado como Nelson Reche de 31 a\u00f1os; quien falleci\u00f3 en el lugar a ra\u00edz del impacto.<br><br>Se labraron actuaciones por homicidio culposo.<\/p>\n\n\n\n<p>Fuente: <a href=\"http:\/\/www.diarioelinformante.com.ar\/nota-60879_muri-un-joven-tras-sufrir-un-accidente-en-moto-contra-otro-rodado\">DIario El Informante<\/a><\/p>\n","protected":false},"excerpt":{"rendered":"<p>El fatal hecho ocurri\u00f3 en inmediaciones de calle Jos\u00e9 Hern\u00e1ndez y San Juan, en horas de la noche del domingo. El siniestro fue entre dos motos Honda CG. Uno de los rodados era conducido por un joven de 18 a\u00f1os, mientras que el otro conductor fue identificado como Nelson Reche de 31 a\u00f1os; quien falleci\u00f3 [&hellip;]<\/p>\n","protected":false},"author":4,"featured_media":88813,"comment_status":"open","ping_status":"closed","sticky":false,"template":"","format":"standard","meta":{"om_disable_all_campaigns":false,"_jetpack_memberships_contains_paid_content":false,"footnotes":""},"categories":[621],"tags":[],"class_list":["post-88812","post","type-post","status-publish","format-standard","has-post-thumbnail","hentry","category-regionales"],"aioseo_notices":[],"gutentor_comment":0,"jetpack_featured_media_url":"https:\/\/eldiariodesanpedro.com.ar\/sitio\/wp-content\/uploads\/2021\/03\/no_t3yrh4zikfq6fx5WhatsApp_Image_2021_03_08_at_07.28.06.png","jetpack_shortlink":"https:\/\/wp.me\/p6RhLt-n6s","jetpack_sharing_enabled":true,"_links":{"self":[{"href":"https:\/\/eldiariodesanpedro.com.ar\/sitio\/wp-json\/wp\/v2\/posts\/88812","targetHints":{"allow":["GET"]}}],"collection":[{"href":"https:\/\/eldiariodesanpedro.com.ar\/sitio\/wp-json\/wp\/v2\/posts"}],"about":[{"href":"https:\/\/eldiariodesanpedro.com.ar\/sitio\/wp-json\/wp\/v2\/types\/post"}],"author":[{"embeddable":true,"href":"https:\/\/eldiariodesanpedro.com.ar\/sitio\/wp-json\/wp\/v2\/users\/4"}],"replies":[{"embeddable":true,"href":"https:\/\/eldiariodesanpedro.com.ar\/sitio\/wp-json\/wp\/v2\/comments?post=88812"}],"version-history":[{"count":1,"href":"https:\/\/eldiariodesanpedro.com.ar\/sitio\/wp-json\/wp\/v2\/posts\/88812\/revisions"}],"predecessor-version":[{"id":88814,"href":"https:\/\/eldiariodesanpedro.com.ar\/sitio\/wp-json\/wp\/v2\/posts\/88812\/revisions\/88814"}],"wp:featuredmedia":[{"embeddable":true,"href":"https:\/\/eldiariodesanpedro.com.ar\/sitio\/wp-json\/wp\/v2\/media\/88813"}],"wp:attachment":[{"href":"https:\/\/eldiariodesanpedro.com.ar\/sitio\/wp-json\/wp\/v2\/media?parent=88812"}],"wp:term":[{"taxonomy":"category","embeddable":true,"href":"https:\/\/eldiariodesanpedro.com.ar\/sitio\/wp-json\/wp\/v2\/categories?post=88812"},{"taxonomy":"post_tag","embeddable":true,"href":"https:\/\/eldiariodesanpedro.com.ar\/sitio\/wp-json\/wp\/v2\/tags?post=88812"}],"curies":[{"name":"wp","href":"https:\/\/api.w.org\/{rel}","templated":true}]}}