{"id":88809,"date":"2021-03-08T17:53:41","date_gmt":"2021-03-08T20:53:41","guid":{"rendered":"https:\/\/eldiariodesanpedro.com.ar\/sitio\/?p=88809"},"modified":"2021-03-08T17:53:45","modified_gmt":"2021-03-08T20:53:45","slug":"campana-pidio-que-no-vendan-droga-en-frente-de-su-casa-y-lo-mataron-a-balazos","status":"publish","type":"post","link":"https:\/\/eldiariodesanpedro.com.ar\/sitio\/campana-pidio-que-no-vendan-droga-en-frente-de-su-casa-y-lo-mataron-a-balazos\/","title":{"rendered":"CAMPANA | Pidi\u00f3 que no vendan droga en frente de su casa y lo mataron a balazos"},"content":{"rendered":"<!-- VideographyWP Plugin Message: Automatic video embedding prevented by plugin options. -->\n\n<p>Un joven de 23 a\u00f1os fue asesinado a balazos por un dealer, quien lo agredi\u00f3 porque le exigi\u00f3 que no vendiera drogas frente a su vivienda. El suceso se registr\u00f3 en la localidad de Campana.<\/p>\n\n\n\n<p>Los voceros del departamento de Z\u00e1rate \u2013 Campana revelaron a&nbsp; que la v\u00edctima, identificada como Franco David Palomeque, de 23 a\u00f1os, perdi\u00f3 la vida en el Hospital San Jos\u00e9, situado en jurisdicci\u00f3n de Campana, luego de haber recibido cuatro disparos efectuados a escasa distancia.<\/p>\n\n\n\n<p>De acuerdo a lo manifestado por los informantes, los hechos comenzaron en la noche del viernes pasado cuando el muchacho entabl\u00f3 una disputa con el delincuente, a quien le exigi\u00f3 que no comercializara estupefacientes frente a su domicilio, en el Barrio San Cayetano, lo que hizo que el traficante se retirara del lugar.<\/p>\n\n\n\n<p>Momentos despu\u00e9s, regres\u00f3 a la casa del joven y comenz\u00f3 a dispararle.<\/p>\n\n\n\n<p>Palomeque muri\u00f3 a las 4 del 6 de marzo, tras haber sido operado por los m\u00e9dicos del mencionado centro asistencial.<\/p>\n\n\n\n<p>Trascendi\u00f3 que el atacante huy\u00f3 a la carrera y, en un principio, se escondi\u00f3 en bald\u00edos y en diversos barrios de emergencia ubicados en Campana.<\/p>\n\n\n\n<p>Habitantes de la zona, al ver a los efectivos policiales, trataron de agredirlos, para impedir la detenci\u00f3n del delincuente.<\/p>\n\n\n\n<p>Intervino en la causa, que fue caratulada \u201cHomicidio\u201d, la doctora Ana Laura Brizuela, fiscal de la Unidad Funcional N\u00b0 2 de los tribunales de Z\u00e1rate \u2013 Campana.<\/p>\n\n\n\n<p>Fuente: Diario Cr\u00f3nica<\/p>\n","protected":false},"excerpt":{"rendered":"<p>Un joven de 23 a\u00f1os fue asesinado a balazos por un dealer, quien lo agredi\u00f3 porque le exigi\u00f3 que no vendiera drogas frente a su vivienda. El suceso se registr\u00f3 en la localidad de Campana. Los voceros del departamento de Z\u00e1rate \u2013 Campana revelaron a&nbsp; que la v\u00edctima, identificada como Franco David Palomeque, de 23 [&hellip;]<\/p>\n","protected":false},"author":4,"featured_media":88810,"comment_status":"open","ping_status":"closed","sticky":false,"template":"","format":"standard","meta":{"om_disable_all_campaigns":false,"_jetpack_memberships_contains_paid_content":false,"footnotes":""},"categories":[621],"tags":[],"class_list":["post-88809","post","type-post","status-publish","format-standard","has-post-thumbnail","hentry","category-regionales"],"aioseo_notices":[],"gutentor_comment":0,"jetpack_featured_media_url":"https:\/\/eldiariodesanpedro.com.ar\/sitio\/wp-content\/uploads\/2021\/03\/patrullero-policia-ok.jpg","jetpack_shortlink":"https:\/\/wp.me\/p6RhLt-n6p","jetpack_sharing_enabled":true,"_links":{"self":[{"href":"https:\/\/eldiariodesanpedro.com.ar\/sitio\/wp-json\/wp\/v2\/posts\/88809","targetHints":{"allow":["GET"]}}],"collection":[{"href":"https:\/\/eldiariodesanpedro.com.ar\/sitio\/wp-json\/wp\/v2\/posts"}],"about":[{"href":"https:\/\/eldiariodesanpedro.com.ar\/sitio\/wp-json\/wp\/v2\/types\/post"}],"author":[{"embeddable":true,"href":"https:\/\/eldiariodesanpedro.com.ar\/sitio\/wp-json\/wp\/v2\/users\/4"}],"replies":[{"embeddable":true,"href":"https:\/\/eldiariodesanpedro.com.ar\/sitio\/wp-json\/wp\/v2\/comments?post=88809"}],"version-history":[{"count":1,"href":"https:\/\/eldiariodesanpedro.com.ar\/sitio\/wp-json\/wp\/v2\/posts\/88809\/revisions"}],"predecessor-version":[{"id":88811,"href":"https:\/\/eldiariodesanpedro.com.ar\/sitio\/wp-json\/wp\/v2\/posts\/88809\/revisions\/88811"}],"wp:featuredmedia":[{"embeddable":true,"href":"https:\/\/eldiariodesanpedro.com.ar\/sitio\/wp-json\/wp\/v2\/media\/88810"}],"wp:attachment":[{"href":"https:\/\/eldiariodesanpedro.com.ar\/sitio\/wp-json\/wp\/v2\/media?parent=88809"}],"wp:term":[{"taxonomy":"category","embeddable":true,"href":"https:\/\/eldiariodesanpedro.com.ar\/sitio\/wp-json\/wp\/v2\/categories?post=88809"},{"taxonomy":"post_tag","embeddable":true,"href":"https:\/\/eldiariodesanpedro.com.ar\/sitio\/wp-json\/wp\/v2\/tags?post=88809"}],"curies":[{"name":"wp","href":"https:\/\/api.w.org\/{rel}","templated":true}]}}