{"id":88804,"date":"2021-03-08T17:49:48","date_gmt":"2021-03-08T20:49:48","guid":{"rendered":"https:\/\/eldiariodesanpedro.com.ar\/sitio\/?p=88804"},"modified":"2021-03-08T17:49:49","modified_gmt":"2021-03-08T20:49:49","slug":"zarate-micro-embistio-un-auto-de-frente-en-la-ruta-9-km-105-altura-de-lima-hay-al-menos-3-muertos-y-heridos","status":"publish","type":"post","link":"https:\/\/eldiariodesanpedro.com.ar\/sitio\/zarate-micro-embistio-un-auto-de-frente-en-la-ruta-9-km-105-altura-de-lima-hay-al-menos-3-muertos-y-heridos\/","title":{"rendered":"Z\u00c1RATE | Micro embisti\u00f3 un auto de frente en la Ruta 9 (km 105, altura de Lima): hay al menos 3 muertos y heridos"},"content":{"rendered":"<!-- VideographyWP Plugin Message: Automatic video embedding prevented by plugin options. -->\n\n<p><strong>Tres personas mayores de edad murieron<\/strong>\u00a0producto de un\u00a0<strong>choque en el kil\u00f3metro 105 de la autopista 9,<\/strong>\u00a0que une la Ciudad de Buenos Aires con Rosario, a la altura de la localidad de\u00a0<strong>Lima,\u00a0<\/strong>y otras\u00a0<strong>dos resultaron heridas.\u00a0<\/strong>La colisi\u00f3n se dio esta madrugada entre<strong>\u00a0un \u00f3mnibus de larga distancia de la empresa 20 de Junio y un utilitario<\/strong>, aunque hubo involucrado tambi\u00e9n un tercer veh\u00edculo.<\/p>\n\n\n\n<p>Seg\u00fan informaron a\u00a0<strong>LA NACION<\/strong>\u00a0desde la\u00a0<strong>Asociaci\u00f3n de Bomberos Voluntarios de Lima,\u00a0<\/strong>que fueron notificados del siniestro vial a las 6.40, pero aclararon que se hab\u00eda producido \u201cmucho antes\u201d; un veh\u00edculo habr\u00eda impactado en la parte posterior del utilitario, que circulaba mano a Rosario, e hizo que se cruzara al carril contrario debido al impacto.<\/p>\n\n\n\n<p>Al hacerlo, choc\u00f3 con el \u00f3mnibus -que se dirig\u00eda con sentido a Buenos Aires- y volvi\u00f3 a su carril original. De acuerdo a lo que confirmaron fuentes de los Bomberos,\u00a0<strong>los tres muertos viajaban en dicho utilitario,\u00a0<\/strong>mientras que<strong>\u00a0el chofer del micro y un menor de edad fueron trasladados con heridas a un hospital de Z\u00e1rate,\u00a0<\/strong>que se encuentra a aproximadamente 20 minutos de Lima.<\/p>\n\n\n\n<figure class=\"wp-block-image size-large\"><img decoding=\"async\" width=\"1024\" height=\"576\" data-attachment-id=\"88806\" data-permalink=\"https:\/\/eldiariodesanpedro.com.ar\/sitio\/zarate-micro-embistio-un-auto-de-frente-en-la-ruta-9-km-105-altura-de-lima-hay-al-menos-3-muertos-y-heridos\/ev9bohbvcaiks8m\/\" data-orig-file=\"https:\/\/eldiariodesanpedro.com.ar\/sitio\/wp-content\/uploads\/2021\/03\/Ev9BoHBVcAIKS8M.jpg\" data-orig-size=\"1200,675\" data-comments-opened=\"1\" data-image-meta=\"{&quot;aperture&quot;:&quot;0&quot;,&quot;credit&quot;:&quot;&quot;,&quot;camera&quot;:&quot;&quot;,&quot;caption&quot;:&quot;&quot;,&quot;created_timestamp&quot;:&quot;0&quot;,&quot;copyright&quot;:&quot;&quot;,&quot;focal_length&quot;:&quot;0&quot;,&quot;iso&quot;:&quot;0&quot;,&quot;shutter_speed&quot;:&quot;0&quot;,&quot;title&quot;:&quot;&quot;,&quot;orientation&quot;:&quot;0&quot;}\" data-image-title=\"Ev9BoHBVcAIKS8M\" data-image-description=\"\" data-image-caption=\"\" data-large-file=\"https:\/\/eldiariodesanpedro.com.ar\/sitio\/wp-content\/uploads\/2021\/03\/Ev9BoHBVcAIKS8M-1024x576.jpg\" data-src=\"https:\/\/eldiariodesanpedro.com.ar\/sitio\/wp-content\/uploads\/2021\/03\/Ev9BoHBVcAIKS8M-1024x576.jpg\" alt=\"\" class=\"wp-image-88806 lazyload\" data-srcset=\"https:\/\/eldiariodesanpedro.com.ar\/sitio\/wp-content\/uploads\/2021\/03\/Ev9BoHBVcAIKS8M-1024x576.jpg 1024w, https:\/\/eldiariodesanpedro.com.ar\/sitio\/wp-content\/uploads\/2021\/03\/Ev9BoHBVcAIKS8M-300x169.jpg 300w, https:\/\/eldiariodesanpedro.com.ar\/sitio\/wp-content\/uploads\/2021\/03\/Ev9BoHBVcAIKS8M-768x432.jpg 768w, https:\/\/eldiariodesanpedro.com.ar\/sitio\/wp-content\/uploads\/2021\/03\/Ev9BoHBVcAIKS8M-800x450.jpg 800w, https:\/\/eldiariodesanpedro.com.ar\/sitio\/wp-content\/uploads\/2021\/03\/Ev9BoHBVcAIKS8M.jpg 1200w\" data-sizes=\"(max-width: 1024px) 100vw, 1024px\" src=\"data:image\/svg+xml;base64,PHN2ZyB3aWR0aD0iMSIgaGVpZ2h0PSIxIiB4bWxucz0iaHR0cDovL3d3dy53My5vcmcvMjAwMC9zdmciPjwvc3ZnPg==\" style=\"--smush-placeholder-width: 1024px; --smush-placeholder-aspect-ratio: 1024\/576;\" \/><\/figure>\n\n\n\n<figure class=\"wp-block-image size-large\"><img decoding=\"async\" width=\"778\" height=\"440\" data-attachment-id=\"88805\" data-permalink=\"https:\/\/eldiariodesanpedro.com.ar\/sitio\/zarate-micro-embistio-un-auto-de-frente-en-la-ruta-9-km-105-altura-de-lima-hay-al-menos-3-muertos-y-heridos\/auto-sampedrino\/\" data-orig-file=\"https:\/\/eldiariodesanpedro.com.ar\/sitio\/wp-content\/uploads\/2021\/03\/auto-sampedrino.jpg\" data-orig-size=\"778,440\" data-comments-opened=\"1\" data-image-meta=\"{&quot;aperture&quot;:&quot;0&quot;,&quot;credit&quot;:&quot;&quot;,&quot;camera&quot;:&quot;&quot;,&quot;caption&quot;:&quot;&quot;,&quot;created_timestamp&quot;:&quot;1615223836&quot;,&quot;copyright&quot;:&quot;&quot;,&quot;focal_length&quot;:&quot;0&quot;,&quot;iso&quot;:&quot;0&quot;,&quot;shutter_speed&quot;:&quot;0&quot;,&quot;title&quot;:&quot;&quot;,&quot;orientation&quot;:&quot;1&quot;}\" data-image-title=\"auto-sampedrino\" data-image-description=\"\" data-image-caption=\"\" data-large-file=\"https:\/\/eldiariodesanpedro.com.ar\/sitio\/wp-content\/uploads\/2021\/03\/auto-sampedrino.jpg\" data-src=\"https:\/\/eldiariodesanpedro.com.ar\/sitio\/wp-content\/uploads\/2021\/03\/auto-sampedrino.jpg\" alt=\"\" class=\"wp-image-88805 lazyload\" data-srcset=\"https:\/\/eldiariodesanpedro.com.ar\/sitio\/wp-content\/uploads\/2021\/03\/auto-sampedrino.jpg 778w, https:\/\/eldiariodesanpedro.com.ar\/sitio\/wp-content\/uploads\/2021\/03\/auto-sampedrino-300x170.jpg 300w, https:\/\/eldiariodesanpedro.com.ar\/sitio\/wp-content\/uploads\/2021\/03\/auto-sampedrino-768x434.jpg 768w\" data-sizes=\"(max-width: 778px) 100vw, 778px\" src=\"data:image\/svg+xml;base64,PHN2ZyB3aWR0aD0iMSIgaGVpZ2h0PSIxIiB4bWxucz0iaHR0cDovL3d3dy53My5vcmcvMjAwMC9zdmciPjwvc3ZnPg==\" style=\"--smush-placeholder-width: 778px; --smush-placeholder-aspect-ratio: 778\/440;\" \/><\/figure>\n\n\n\n<p>Fuente: <a href=\"https:\/\/impactolocal.com.ar\/2021\/03\/08\/micro-embistio-un-auto-de-frente-en-la-ruta-9-km-105-altura-de-lima-hay-al-menos-3-muertos-y-heridos\/\">Impacto Local<\/a><\/p>\n","protected":false},"excerpt":{"rendered":"<p>Tres personas mayores de edad murieron\u00a0producto de un\u00a0choque en el kil\u00f3metro 105 de la autopista 9,\u00a0que une la Ciudad de Buenos Aires con Rosario, a la altura de la localidad de\u00a0Lima,\u00a0y otras\u00a0dos resultaron heridas.\u00a0La colisi\u00f3n se dio esta madrugada entre\u00a0un \u00f3mnibus de larga distancia de la empresa 20 de Junio y un utilitario, aunque hubo [&hellip;]<\/p>\n","protected":false},"author":4,"featured_media":88807,"comment_status":"open","ping_status":"closed","sticky":false,"template":"","format":"standard","meta":{"om_disable_all_campaigns":false,"_jetpack_memberships_contains_paid_content":false,"footnotes":""},"categories":[621],"tags":[],"class_list":["post-88804","post","type-post","status-publish","format-standard","has-post-thumbnail","hentry","category-regionales"],"aioseo_notices":[],"gutentor_comment":0,"jetpack_featured_media_url":"https:\/\/eldiariodesanpedro.com.ar\/sitio\/wp-content\/uploads\/2021\/03\/Ev9GSlpXIAIDiWC.jpg","jetpack_shortlink":"https:\/\/wp.me\/p6RhLt-n6k","jetpack_sharing_enabled":true,"_links":{"self":[{"href":"https:\/\/eldiariodesanpedro.com.ar\/sitio\/wp-json\/wp\/v2\/posts\/88804","targetHints":{"allow":["GET"]}}],"collection":[{"href":"https:\/\/eldiariodesanpedro.com.ar\/sitio\/wp-json\/wp\/v2\/posts"}],"about":[{"href":"https:\/\/eldiariodesanpedro.com.ar\/sitio\/wp-json\/wp\/v2\/types\/post"}],"author":[{"embeddable":true,"href":"https:\/\/eldiariodesanpedro.com.ar\/sitio\/wp-json\/wp\/v2\/users\/4"}],"replies":[{"embeddable":true,"href":"https:\/\/eldiariodesanpedro.com.ar\/sitio\/wp-json\/wp\/v2\/comments?post=88804"}],"version-history":[{"count":1,"href":"https:\/\/eldiariodesanpedro.com.ar\/sitio\/wp-json\/wp\/v2\/posts\/88804\/revisions"}],"predecessor-version":[{"id":88808,"href":"https:\/\/eldiariodesanpedro.com.ar\/sitio\/wp-json\/wp\/v2\/posts\/88804\/revisions\/88808"}],"wp:featuredmedia":[{"embeddable":true,"href":"https:\/\/eldiariodesanpedro.com.ar\/sitio\/wp-json\/wp\/v2\/media\/88807"}],"wp:attachment":[{"href":"https:\/\/eldiariodesanpedro.com.ar\/sitio\/wp-json\/wp\/v2\/media?parent=88804"}],"wp:term":[{"taxonomy":"category","embeddable":true,"href":"https:\/\/eldiariodesanpedro.com.ar\/sitio\/wp-json\/wp\/v2\/categories?post=88804"},{"taxonomy":"post_tag","embeddable":true,"href":"https:\/\/eldiariodesanpedro.com.ar\/sitio\/wp-json\/wp\/v2\/tags?post=88804"}],"curies":[{"name":"wp","href":"https:\/\/api.w.org\/{rel}","templated":true}]}}