{"id":88800,"date":"2021-03-08T12:47:37","date_gmt":"2021-03-08T15:47:37","guid":{"rendered":"https:\/\/eldiariodesanpedro.com.ar\/sitio\/?p=88800"},"modified":"2021-03-08T12:47:45","modified_gmt":"2021-03-08T15:47:45","slug":"edicto-de-sucesion-de-quiroz-santos-y-chamorro-elba-isolina","status":"publish","type":"post","link":"https:\/\/eldiariodesanpedro.com.ar\/sitio\/edicto-de-sucesion-de-quiroz-santos-y-chamorro-elba-isolina\/","title":{"rendered":"Edicto de Sucesi\u00f3n de Quiroz Santos y Chamorro Elba Isolina"},"content":{"rendered":"<!-- VideographyWP Plugin Message: Automatic video embedding prevented by plugin options. -->\n\n<p>El Juzgado de Paz Letrado de la ciudad de San Pedro, Departamento Judicial de San Nicol\u00e1s, cita y emplaza por el t\u00e9rmino de (30) d\u00edas a herederos y acreedores de los Sres. <strong>Quiroz Santos y Chamorro Elba Isolina<\/strong>.-\u00a0 San Pedro, 02 de Marzo de 2021.-<\/p>\n\n\n\n<p>DR. FACUNDO VELL\u00d3N<br>ABOGADOS ECRETARIO<\/p>\n","protected":false},"excerpt":{"rendered":"<p>El Juzgado de Paz Letrado de la ciudad de San Pedro, Departamento Judicial de San Nicol\u00e1s, cita y emplaza por el t\u00e9rmino de (30) d\u00edas a herederos y acreedores de los Sres. Quiroz Santos y Chamorro Elba Isolina.-\u00a0 San Pedro, 02 de Marzo de 2021.- DR. FACUNDO VELL\u00d3NABOGADOS ECRETARIO<\/p>\n","protected":false},"author":4,"featured_media":81115,"comment_status":"open","ping_status":"closed","sticky":false,"template":"","format":"standard","meta":{"om_disable_all_campaigns":false,"_jetpack_memberships_contains_paid_content":false,"footnotes":""},"categories":[676,677],"tags":[2111,2156],"class_list":["post-88800","post","type-post","status-publish","format-standard","has-post-thumbnail","hentry","category-edictos","category-edictos-sucesorios","tag-edicto-de-sucesion","tag-quiroz-santos-y-chamorro-elba-isolina"],"aioseo_notices":[],"gutentor_comment":0,"jetpack_featured_media_url":"https:\/\/eldiariodesanpedro.com.ar\/sitio\/wp-content\/uploads\/2020\/09\/Poder-Judicial.jpg","jetpack_shortlink":"https:\/\/wp.me\/p6RhLt-n6g","jetpack_sharing_enabled":true,"_links":{"self":[{"href":"https:\/\/eldiariodesanpedro.com.ar\/sitio\/wp-json\/wp\/v2\/posts\/88800","targetHints":{"allow":["GET"]}}],"collection":[{"href":"https:\/\/eldiariodesanpedro.com.ar\/sitio\/wp-json\/wp\/v2\/posts"}],"about":[{"href":"https:\/\/eldiariodesanpedro.com.ar\/sitio\/wp-json\/wp\/v2\/types\/post"}],"author":[{"embeddable":true,"href":"https:\/\/eldiariodesanpedro.com.ar\/sitio\/wp-json\/wp\/v2\/users\/4"}],"replies":[{"embeddable":true,"href":"https:\/\/eldiariodesanpedro.com.ar\/sitio\/wp-json\/wp\/v2\/comments?post=88800"}],"version-history":[{"count":1,"href":"https:\/\/eldiariodesanpedro.com.ar\/sitio\/wp-json\/wp\/v2\/posts\/88800\/revisions"}],"predecessor-version":[{"id":88801,"href":"https:\/\/eldiariodesanpedro.com.ar\/sitio\/wp-json\/wp\/v2\/posts\/88800\/revisions\/88801"}],"wp:featuredmedia":[{"embeddable":true,"href":"https:\/\/eldiariodesanpedro.com.ar\/sitio\/wp-json\/wp\/v2\/media\/81115"}],"wp:attachment":[{"href":"https:\/\/eldiariodesanpedro.com.ar\/sitio\/wp-json\/wp\/v2\/media?parent=88800"}],"wp:term":[{"taxonomy":"category","embeddable":true,"href":"https:\/\/eldiariodesanpedro.com.ar\/sitio\/wp-json\/wp\/v2\/categories?post=88800"},{"taxonomy":"post_tag","embeddable":true,"href":"https:\/\/eldiariodesanpedro.com.ar\/sitio\/wp-json\/wp\/v2\/tags?post=88800"}],"curies":[{"name":"wp","href":"https:\/\/api.w.org\/{rel}","templated":true}]}}