{"id":88796,"date":"2021-03-08T17:44:38","date_gmt":"2021-03-08T20:44:38","guid":{"rendered":"https:\/\/eldiariodesanpedro.com.ar\/sitio\/?p=88796"},"modified":"2021-03-08T17:44:45","modified_gmt":"2021-03-08T20:44:45","slug":"gran-cierre-de-temporada-con-desfile-san-pedro-moda-show-abriendo-caminos","status":"publish","type":"post","link":"https:\/\/eldiariodesanpedro.com.ar\/sitio\/gran-cierre-de-temporada-con-desfile-san-pedro-moda-show-abriendo-caminos\/","title":{"rendered":"Gran cierre de temporada con desfile San Pedro Moda Show, Abriendo Caminos"},"content":{"rendered":"<!-- VideographyWP Plugin Message: Automatic video embedding prevented by plugin options. -->\n\n<p>La Municipalidad de San Pedro a trav\u00e9s de la Secretar\u00eda de Turismo auspici\u00f3 el cierre de temporada de verano que la productora CIJ organiz\u00f3 este domingo en la Plazoleta Fray Cayetano Rodr\u00edguez.<\/p>\n\n\n\n<p>Con la direcci\u00f3n art\u00edstica de los responsables del programa La Jaula de la Moda y la participaci\u00f3n de reconocidas modelos, se sucedieron varias pasadas de marcas invitadas y locales. La conducci\u00f3n estuvo a cargo de Mariano Caprarola, conductor del programa de televisi\u00f3n y el cierre con prendas de Alta Costura cont\u00f3 con la participaci\u00f3n del dise\u00f1ador Claudio Cosano.<\/p>\n\n\n\n<figure class=\"wp-block-embed-facebook wp-block-embed is-type-rich is-provider-gestor-del-servicio\"><div class=\"wp-block-embed__wrapper\">\n<div class=\"fb-post\" data-href=\"https:\/\/www.facebook.com\/eldiario.desanpedro\/posts\/1513724965503304\" data-width=\"552\" style=\"background-color: #fff; display: inline-block;\"><\/div>\n<\/div><\/figure>\n","protected":false},"excerpt":{"rendered":"<p>La Municipalidad de San Pedro a trav\u00e9s de la Secretar\u00eda de Turismo auspici\u00f3 el cierre de temporada de verano que la productora CIJ organiz\u00f3 este domingo en la Plazoleta Fray Cayetano Rodr\u00edguez. Con la direcci\u00f3n art\u00edstica de los responsables del programa La Jaula de la Moda y la participaci\u00f3n de reconocidas modelos, se sucedieron varias [&hellip;]<\/p>\n","protected":false},"author":4,"featured_media":88802,"comment_status":"open","ping_status":"closed","sticky":false,"template":"","format":"standard","meta":{"om_disable_all_campaigns":false,"_jetpack_memberships_contains_paid_content":false,"footnotes":""},"categories":[50,101,2],"tags":[],"class_list":["post-88796","post","type-post","status-publish","format-standard","has-post-thumbnail","hentry","category-destacadas","category-interes-general-locales","category-locales"],"aioseo_notices":[],"gutentor_comment":0,"jetpack_featured_media_url":"https:\/\/eldiariodesanpedro.com.ar\/sitio\/wp-content\/uploads\/2021\/03\/DSC_0599-scaled-e1615236142623.jpg","jetpack_shortlink":"https:\/\/wp.me\/p6RhLt-n6c","jetpack_sharing_enabled":true,"_links":{"self":[{"href":"https:\/\/eldiariodesanpedro.com.ar\/sitio\/wp-json\/wp\/v2\/posts\/88796","targetHints":{"allow":["GET"]}}],"collection":[{"href":"https:\/\/eldiariodesanpedro.com.ar\/sitio\/wp-json\/wp\/v2\/posts"}],"about":[{"href":"https:\/\/eldiariodesanpedro.com.ar\/sitio\/wp-json\/wp\/v2\/types\/post"}],"author":[{"embeddable":true,"href":"https:\/\/eldiariodesanpedro.com.ar\/sitio\/wp-json\/wp\/v2\/users\/4"}],"replies":[{"embeddable":true,"href":"https:\/\/eldiariodesanpedro.com.ar\/sitio\/wp-json\/wp\/v2\/comments?post=88796"}],"version-history":[{"count":2,"href":"https:\/\/eldiariodesanpedro.com.ar\/sitio\/wp-json\/wp\/v2\/posts\/88796\/revisions"}],"predecessor-version":[{"id":88803,"href":"https:\/\/eldiariodesanpedro.com.ar\/sitio\/wp-json\/wp\/v2\/posts\/88796\/revisions\/88803"}],"wp:featuredmedia":[{"embeddable":true,"href":"https:\/\/eldiariodesanpedro.com.ar\/sitio\/wp-json\/wp\/v2\/media\/88802"}],"wp:attachment":[{"href":"https:\/\/eldiariodesanpedro.com.ar\/sitio\/wp-json\/wp\/v2\/media?parent=88796"}],"wp:term":[{"taxonomy":"category","embeddable":true,"href":"https:\/\/eldiariodesanpedro.com.ar\/sitio\/wp-json\/wp\/v2\/categories?post=88796"},{"taxonomy":"post_tag","embeddable":true,"href":"https:\/\/eldiariodesanpedro.com.ar\/sitio\/wp-json\/wp\/v2\/tags?post=88796"}],"curies":[{"name":"wp","href":"https:\/\/api.w.org\/{rel}","templated":true}]}}