{"id":88780,"date":"2021-03-08T11:20:36","date_gmt":"2021-03-08T14:20:36","guid":{"rendered":"https:\/\/eldiariodesanpedro.com.ar\/sitio\/?p=88780"},"modified":"2021-03-08T11:20:38","modified_gmt":"2021-03-08T14:20:38","slug":"capitan-sarmiento-marcha-por-la-aparicion-de-eliana-furi","status":"publish","type":"post","link":"https:\/\/eldiariodesanpedro.com.ar\/sitio\/capitan-sarmiento-marcha-por-la-aparicion-de-eliana-furi\/","title":{"rendered":"CAPITAN  SARMIENTO | Marcha por la aparici\u00f3n de Eliana Furi"},"content":{"rendered":"<!-- VideographyWP Plugin Message: Automatic video embedding prevented by plugin options. -->\n\n<p>La joven sarmientense Eliana Luj\u00e1n Furi, de 17 a\u00f1os de edad, lleva ya tres d\u00edas desaparecida y sin ning\u00fan dato cierto sobre su paradero.<\/p>\n\n\n\n<p>Se contin\u00faa pidiendo a la poblaci\u00f3n si puede aportar alg\u00fan dato sobre ella, adem\u00e1s de difusi\u00f3n en su b\u00fasqueda. El tel\u00e9fono de la Comisar\u00eda de Sarmiento es (02478) 481255.<\/p>\n\n\n\n<p>Este domingo llegaban refuerzos a Capit\u00e1n Sarmiento para intensificar la b\u00fasqueda de la menor. Adem\u00e1s, distintas agrupaciones y entidades de la vecina ciudad convocan a una marcha pidiendo por la aparici\u00f3n de Eliana. La concentraci\u00f3n ser\u00e1 a las 19:00 frente al Museo Hist\u00f3rico.<\/p>\n\n\n\n<p>Fuente: <a href=\"https:\/\/arrecifesnoticias.com\/nacionales\/marcha-en-sarmiento-por-la-aparicion-de-eliana-furi\/\">Arrecifes Noticias<\/a><\/p>\n","protected":false},"excerpt":{"rendered":"<p>La joven sarmientense Eliana Luj\u00e1n Furi, de 17 a\u00f1os de edad, lleva ya tres d\u00edas desaparecida y sin ning\u00fan dato cierto sobre su paradero. Se contin\u00faa pidiendo a la poblaci\u00f3n si puede aportar alg\u00fan dato sobre ella, adem\u00e1s de difusi\u00f3n en su b\u00fasqueda. El tel\u00e9fono de la Comisar\u00eda de Sarmiento es (02478) 481255. Este domingo [&hellip;]<\/p>\n","protected":false},"author":4,"featured_media":88781,"comment_status":"open","ping_status":"closed","sticky":false,"template":"","format":"standard","meta":{"om_disable_all_campaigns":false,"_jetpack_memberships_contains_paid_content":false,"footnotes":""},"categories":[621],"tags":[],"class_list":["post-88780","post","type-post","status-publish","format-standard","has-post-thumbnail","hentry","category-regionales"],"aioseo_notices":[],"gutentor_comment":0,"jetpack_featured_media_url":"https:\/\/eldiariodesanpedro.com.ar\/sitio\/wp-content\/uploads\/2021\/03\/Eliana-Furi-Sarmiento-698x510-1.jpg","jetpack_shortlink":"https:\/\/wp.me\/p6RhLt-n5W","jetpack_sharing_enabled":true,"_links":{"self":[{"href":"https:\/\/eldiariodesanpedro.com.ar\/sitio\/wp-json\/wp\/v2\/posts\/88780","targetHints":{"allow":["GET"]}}],"collection":[{"href":"https:\/\/eldiariodesanpedro.com.ar\/sitio\/wp-json\/wp\/v2\/posts"}],"about":[{"href":"https:\/\/eldiariodesanpedro.com.ar\/sitio\/wp-json\/wp\/v2\/types\/post"}],"author":[{"embeddable":true,"href":"https:\/\/eldiariodesanpedro.com.ar\/sitio\/wp-json\/wp\/v2\/users\/4"}],"replies":[{"embeddable":true,"href":"https:\/\/eldiariodesanpedro.com.ar\/sitio\/wp-json\/wp\/v2\/comments?post=88780"}],"version-history":[{"count":1,"href":"https:\/\/eldiariodesanpedro.com.ar\/sitio\/wp-json\/wp\/v2\/posts\/88780\/revisions"}],"predecessor-version":[{"id":88782,"href":"https:\/\/eldiariodesanpedro.com.ar\/sitio\/wp-json\/wp\/v2\/posts\/88780\/revisions\/88782"}],"wp:featuredmedia":[{"embeddable":true,"href":"https:\/\/eldiariodesanpedro.com.ar\/sitio\/wp-json\/wp\/v2\/media\/88781"}],"wp:attachment":[{"href":"https:\/\/eldiariodesanpedro.com.ar\/sitio\/wp-json\/wp\/v2\/media?parent=88780"}],"wp:term":[{"taxonomy":"category","embeddable":true,"href":"https:\/\/eldiariodesanpedro.com.ar\/sitio\/wp-json\/wp\/v2\/categories?post=88780"},{"taxonomy":"post_tag","embeddable":true,"href":"https:\/\/eldiariodesanpedro.com.ar\/sitio\/wp-json\/wp\/v2\/tags?post=88780"}],"curies":[{"name":"wp","href":"https:\/\/api.w.org\/{rel}","templated":true}]}}