{"id":88778,"date":"2021-03-08T11:12:39","date_gmt":"2021-03-08T14:12:39","guid":{"rendered":"https:\/\/eldiariodesanpedro.com.ar\/sitio\/?p=88778"},"modified":"2021-03-08T11:12:39","modified_gmt":"2021-03-08T14:12:39","slug":"un-motociclista-lesionado-en-accidente-de-transito-esta-madrugada","status":"publish","type":"post","link":"https:\/\/eldiariodesanpedro.com.ar\/sitio\/un-motociclista-lesionado-en-accidente-de-transito-esta-madrugada\/","title":{"rendered":"Un motociclista lesionado en accidente de transito esta madrugada"},"content":{"rendered":"<!-- VideographyWP Plugin Message: Automatic video embedding prevented by plugin options. -->\n\n<p>En la madrugada de este lunes alrededor de las 04 hs por razones que se tratan de establecer en la intersecci\u00f3n de las calles Las Provincias y Nieto de Torres un autom\u00f3vil conducido por ciudadano de 43 a\u00f1os, colisiona con motocicleta en la que circulaba otro ciudadano de 36 a\u00f1os y como consecuencia el conductor rodado menor trasladado al nosocomio local por el SAME.<\/p>\n\n\n\n<p>En el nosocomio local se determin\u00f3 que el conductor de la moto presentaba lesiones leves, quedando intervinientes sin lesiones.<\/p>\n","protected":false},"excerpt":{"rendered":"<p>En la madrugada de este lunes alrededor de las 04 hs por razones que se tratan de establecer en la intersecci\u00f3n de las calles Las Provincias y Nieto de Torres un autom\u00f3vil conducido por ciudadano de 43 a\u00f1os, colisiona con motocicleta en la que circulaba otro ciudadano de 36 a\u00f1os y como consecuencia el conductor [&hellip;]<\/p>\n","protected":false},"author":4,"featured_media":79647,"comment_status":"open","ping_status":"closed","sticky":false,"template":"","format":"standard","meta":{"om_disable_all_campaigns":false,"_jetpack_memberships_contains_paid_content":false,"footnotes":""},"categories":[2,103],"tags":[],"class_list":["post-88778","post","type-post","status-publish","format-standard","has-post-thumbnail","hentry","category-locales","category-policiales-locales"],"aioseo_notices":[],"gutentor_comment":0,"jetpack_featured_media_url":"https:\/\/eldiariodesanpedro.com.ar\/sitio\/wp-content\/uploads\/2020\/08\/same.jpg","jetpack_shortlink":"https:\/\/wp.me\/p6RhLt-n5U","jetpack_sharing_enabled":true,"_links":{"self":[{"href":"https:\/\/eldiariodesanpedro.com.ar\/sitio\/wp-json\/wp\/v2\/posts\/88778","targetHints":{"allow":["GET"]}}],"collection":[{"href":"https:\/\/eldiariodesanpedro.com.ar\/sitio\/wp-json\/wp\/v2\/posts"}],"about":[{"href":"https:\/\/eldiariodesanpedro.com.ar\/sitio\/wp-json\/wp\/v2\/types\/post"}],"author":[{"embeddable":true,"href":"https:\/\/eldiariodesanpedro.com.ar\/sitio\/wp-json\/wp\/v2\/users\/4"}],"replies":[{"embeddable":true,"href":"https:\/\/eldiariodesanpedro.com.ar\/sitio\/wp-json\/wp\/v2\/comments?post=88778"}],"version-history":[{"count":1,"href":"https:\/\/eldiariodesanpedro.com.ar\/sitio\/wp-json\/wp\/v2\/posts\/88778\/revisions"}],"predecessor-version":[{"id":88779,"href":"https:\/\/eldiariodesanpedro.com.ar\/sitio\/wp-json\/wp\/v2\/posts\/88778\/revisions\/88779"}],"wp:featuredmedia":[{"embeddable":true,"href":"https:\/\/eldiariodesanpedro.com.ar\/sitio\/wp-json\/wp\/v2\/media\/79647"}],"wp:attachment":[{"href":"https:\/\/eldiariodesanpedro.com.ar\/sitio\/wp-json\/wp\/v2\/media?parent=88778"}],"wp:term":[{"taxonomy":"category","embeddable":true,"href":"https:\/\/eldiariodesanpedro.com.ar\/sitio\/wp-json\/wp\/v2\/categories?post=88778"},{"taxonomy":"post_tag","embeddable":true,"href":"https:\/\/eldiariodesanpedro.com.ar\/sitio\/wp-json\/wp\/v2\/tags?post=88778"}],"curies":[{"name":"wp","href":"https:\/\/api.w.org\/{rel}","templated":true}]}}