{"id":88775,"date":"2021-03-08T11:04:07","date_gmt":"2021-03-08T14:04:07","guid":{"rendered":"https:\/\/eldiariodesanpedro.com.ar\/sitio\/?p=88775"},"modified":"2021-03-08T11:04:12","modified_gmt":"2021-03-08T14:04:12","slug":"clausuraron-un-parador-dentro-de-la-playa-de-vuelta-de-obligado-por-falta-de-habilitacion","status":"publish","type":"post","link":"https:\/\/eldiariodesanpedro.com.ar\/sitio\/clausuraron-un-parador-dentro-de-la-playa-de-vuelta-de-obligado-por-falta-de-habilitacion\/","title":{"rendered":"Clausuraron un parador dentro de la Playa de Vuelta de Obligado por falta de habilitaci\u00f3n"},"content":{"rendered":"<!-- VideographyWP Plugin Message: Automatic video embedding prevented by plugin options. -->\n\n<p>Ayer en horas de la noche el personal del destacamento Gobernador Castro con personal de Inspecci\u00f3n de Municipalidad San Pedro se procedi\u00f3 en el\u00a0 marco Ley 14050 inspecci\u00f3n de comercio rubro resto bar, ubicado en calle 17 S\/N, Playa Publica de Paraje Vuelta de Obligado de esta localidad siendo propietario el ciudadano masculino de 40 a\u00f1os, procedi\u00e9ndose a la clausura del mismo por falta de Habilitaci\u00f3n Municipal.\u00a0<\/p>\n","protected":false},"excerpt":{"rendered":"<p>Ayer en horas de la noche el personal del destacamento Gobernador Castro con personal de Inspecci\u00f3n de Municipalidad San Pedro se procedi\u00f3 en el\u00a0 marco Ley 14050 inspecci\u00f3n de comercio rubro resto bar, ubicado en calle 17 S\/N, Playa Publica de Paraje Vuelta de Obligado de esta localidad siendo propietario el ciudadano masculino de 40 [&hellip;]<\/p>\n","protected":false},"author":4,"featured_media":77910,"comment_status":"open","ping_status":"closed","sticky":false,"template":"","format":"standard","meta":{"om_disable_all_campaigns":false,"_jetpack_memberships_contains_paid_content":false,"footnotes":""},"categories":[2,103],"tags":[],"class_list":["post-88775","post","type-post","status-publish","format-standard","has-post-thumbnail","hentry","category-locales","category-policiales-locales"],"aioseo_notices":[],"gutentor_comment":0,"jetpack_featured_media_url":"https:\/\/eldiariodesanpedro.com.ar\/sitio\/wp-content\/uploads\/2020\/07\/no_ssowqejple3k931nop1c56465t83uu31kc3o1tm219bh1_1_.jpg","jetpack_shortlink":"https:\/\/wp.me\/p6RhLt-n5R","jetpack_sharing_enabled":true,"_links":{"self":[{"href":"https:\/\/eldiariodesanpedro.com.ar\/sitio\/wp-json\/wp\/v2\/posts\/88775","targetHints":{"allow":["GET"]}}],"collection":[{"href":"https:\/\/eldiariodesanpedro.com.ar\/sitio\/wp-json\/wp\/v2\/posts"}],"about":[{"href":"https:\/\/eldiariodesanpedro.com.ar\/sitio\/wp-json\/wp\/v2\/types\/post"}],"author":[{"embeddable":true,"href":"https:\/\/eldiariodesanpedro.com.ar\/sitio\/wp-json\/wp\/v2\/users\/4"}],"replies":[{"embeddable":true,"href":"https:\/\/eldiariodesanpedro.com.ar\/sitio\/wp-json\/wp\/v2\/comments?post=88775"}],"version-history":[{"count":1,"href":"https:\/\/eldiariodesanpedro.com.ar\/sitio\/wp-json\/wp\/v2\/posts\/88775\/revisions"}],"predecessor-version":[{"id":88777,"href":"https:\/\/eldiariodesanpedro.com.ar\/sitio\/wp-json\/wp\/v2\/posts\/88775\/revisions\/88777"}],"wp:featuredmedia":[{"embeddable":true,"href":"https:\/\/eldiariodesanpedro.com.ar\/sitio\/wp-json\/wp\/v2\/media\/77910"}],"wp:attachment":[{"href":"https:\/\/eldiariodesanpedro.com.ar\/sitio\/wp-json\/wp\/v2\/media?parent=88775"}],"wp:term":[{"taxonomy":"category","embeddable":true,"href":"https:\/\/eldiariodesanpedro.com.ar\/sitio\/wp-json\/wp\/v2\/categories?post=88775"},{"taxonomy":"post_tag","embeddable":true,"href":"https:\/\/eldiariodesanpedro.com.ar\/sitio\/wp-json\/wp\/v2\/tags?post=88775"}],"curies":[{"name":"wp","href":"https:\/\/api.w.org\/{rel}","templated":true}]}}