{"id":88764,"date":"2021-03-08T09:20:25","date_gmt":"2021-03-08T12:20:25","guid":{"rendered":"https:\/\/eldiariodesanpedro.com.ar\/sitio\/?p=88764"},"modified":"2021-03-08T09:20:35","modified_gmt":"2021-03-08T12:20:35","slug":"el-ex-comisario-sergio-perez-participo-de-una-travesia-por-la-cordillera","status":"publish","type":"post","link":"https:\/\/eldiariodesanpedro.com.ar\/sitio\/el-ex-comisario-sergio-perez-participo-de-una-travesia-por-la-cordillera\/","title":{"rendered":"El ex comisario Sergio P\u00e9rez particip\u00f3 de una traves\u00eda por la cordillera"},"content":{"rendered":"<!-- VideographyWP Plugin Message: Automatic video embedding prevented by plugin options. -->\n\n<p>Junto a un grupo de vaqueanos realiz\u00f3 el mismo cruce que San Mart\u00edn. La expedici\u00f3n a caballo dur\u00f3 seis d\u00edas.<\/p>\n\n\n\n<p>D\u00edas atr\u00e1s el ex Comisario General Sergio P\u00e9rez particip\u00f3 de un exigente desaf\u00edo que fue el de cruzar la cordillera de Los Andes por el mismo paso que realiz\u00f3 el Gral. San Mart\u00edn.<\/p>\n\n\n\n<p>Lo hizo junto a un grupo de diez personas y seis baqueanos que sirvieron de gu\u00edas ante la inolvidable experiencia.<\/p>\n\n\n\n<p>\u201cEste es el cruce que hizo San Mart\u00edn a la vuelta, porque \u00e9l va por San Juan y retorna por Mendoza por el paso El Portillo\u201d.<\/p>\n\n\n\n<p>\u201cUno va y contrata el tour. Se sale de Tupungato y empezamos a subir hasta los 3000 metros de altura, primero se hace noche en una tapera donde hay una peque\u00f1a casa con cocina comedor y se duerme en el piso con una bolsa de dormir\u201d.<\/p>\n\n\n\n<p>\u201cSe sube hasta los 4000 metros y se comienza a bajar hasta los 3000 metros, despu\u00e9s se hace base en la base militar donde paramos y pasamos la noche. Son 10 horas de cabalgata\u201d, se\u00f1al\u00f3 el ex funcionario.<\/p>\n\n\n\n<p>\u201cAl d\u00eda siguiente son otras 9 horas de cabalgata, de nuevo hasta los 4000 metros de altura\u201d. \u201cEst\u00e1 todo muy controlado en cuanto a la altura pero es todo muy normal\u201d.<\/p>\n\n\n\n<p>\u201cCuando llegamos a la cordillera bajamos 3 horas a caballo, hasta otra tapera donde pasamos la noche al aire libre y despu\u00e9s al d\u00eda siguiente regresamos a la base militar con otras 7 horas de cabalgata y luego se vuelve hasta el Manzano hist\u00f3rico donde finaliza la traves\u00eda\u201d.<\/p>\n\n\n\n<p>\u201cHace como 16 a\u00f1os que quer\u00eda hacer esta traves\u00eda pero por cuestiones de trabajo nunca lo pod\u00eda hacer\u201d, destac\u00f3 Sergio P\u00e9rez.<\/p>\n\n\n\n<p>\u201cFue m\u00e1s de lo que esperaba, hay que estar ah\u00ed, son toda sensaciones diferentes y se puede apreciar todo, es algo inexplicable e inolvidable\u201d.<\/p>\n\n\n\n<p>Fuente: <a href=\"https:\/\/www.sanpedroinforma.com.ar\/nota\/124054\/sociedad\/el-ex-comisario-sergio-perez-participo-de-una-travesia-por-la-cordillera.html\">San Pedro Informa<\/a><\/p>\n","protected":false},"excerpt":{"rendered":"<p>Junto a un grupo de vaqueanos realiz\u00f3 el mismo cruce que San Mart\u00edn. La expedici\u00f3n a caballo dur\u00f3 seis d\u00edas. D\u00edas atr\u00e1s el ex Comisario General Sergio P\u00e9rez particip\u00f3 de un exigente desaf\u00edo que fue el de cruzar la cordillera de Los Andes por el mismo paso que realiz\u00f3 el Gral. San Mart\u00edn. Lo hizo [&hellip;]<\/p>\n","protected":false},"author":4,"featured_media":88765,"comment_status":"open","ping_status":"closed","sticky":false,"template":"","format":"standard","meta":{"om_disable_all_campaigns":false,"_jetpack_memberships_contains_paid_content":false,"footnotes":""},"categories":[101,2],"tags":[],"class_list":["post-88764","post","type-post","status-publish","format-standard","has-post-thumbnail","hentry","category-interes-general-locales","category-locales"],"aioseo_notices":[],"gutentor_comment":0,"jetpack_featured_media_url":"https:\/\/eldiariodesanpedro.com.ar\/sitio\/wp-content\/uploads\/2021\/03\/000090352.jpg","jetpack_shortlink":"https:\/\/wp.me\/p6RhLt-n5G","jetpack_sharing_enabled":true,"_links":{"self":[{"href":"https:\/\/eldiariodesanpedro.com.ar\/sitio\/wp-json\/wp\/v2\/posts\/88764","targetHints":{"allow":["GET"]}}],"collection":[{"href":"https:\/\/eldiariodesanpedro.com.ar\/sitio\/wp-json\/wp\/v2\/posts"}],"about":[{"href":"https:\/\/eldiariodesanpedro.com.ar\/sitio\/wp-json\/wp\/v2\/types\/post"}],"author":[{"embeddable":true,"href":"https:\/\/eldiariodesanpedro.com.ar\/sitio\/wp-json\/wp\/v2\/users\/4"}],"replies":[{"embeddable":true,"href":"https:\/\/eldiariodesanpedro.com.ar\/sitio\/wp-json\/wp\/v2\/comments?post=88764"}],"version-history":[{"count":1,"href":"https:\/\/eldiariodesanpedro.com.ar\/sitio\/wp-json\/wp\/v2\/posts\/88764\/revisions"}],"predecessor-version":[{"id":88766,"href":"https:\/\/eldiariodesanpedro.com.ar\/sitio\/wp-json\/wp\/v2\/posts\/88764\/revisions\/88766"}],"wp:featuredmedia":[{"embeddable":true,"href":"https:\/\/eldiariodesanpedro.com.ar\/sitio\/wp-json\/wp\/v2\/media\/88765"}],"wp:attachment":[{"href":"https:\/\/eldiariodesanpedro.com.ar\/sitio\/wp-json\/wp\/v2\/media?parent=88764"}],"wp:term":[{"taxonomy":"category","embeddable":true,"href":"https:\/\/eldiariodesanpedro.com.ar\/sitio\/wp-json\/wp\/v2\/categories?post=88764"},{"taxonomy":"post_tag","embeddable":true,"href":"https:\/\/eldiariodesanpedro.com.ar\/sitio\/wp-json\/wp\/v2\/tags?post=88764"}],"curies":[{"name":"wp","href":"https:\/\/api.w.org\/{rel}","templated":true}]}}