{"id":88761,"date":"2021-03-08T09:14:24","date_gmt":"2021-03-08T12:14:24","guid":{"rendered":"https:\/\/eldiariodesanpedro.com.ar\/sitio\/?p=88761"},"modified":"2021-03-08T09:14:27","modified_gmt":"2021-03-08T12:14:27","slug":"8m-san-pedro-marcha-en-el-marco-del-paro-internacional-de-mujeres","status":"publish","type":"post","link":"https:\/\/eldiariodesanpedro.com.ar\/sitio\/8m-san-pedro-marcha-en-el-marco-del-paro-internacional-de-mujeres\/","title":{"rendered":"#8M: San Pedro marcha en el marco del Paro Internacional de Mujeres"},"content":{"rendered":"<!-- VideographyWP Plugin Message: Automatic video embedding prevented by plugin options. -->\n\n<p>Este lunes 8, convocada por la Multisectorial Feminista de San Pedro, habr\u00e1 marcha en la ciudad, como cada 8 de marzo.<\/p>\n\n\n\n<p>En el marco de la conmemoraci\u00f3n del D\u00eda Internacional de la Mujer, la convocatoria ser\u00e1 a las 18.30 en Pellegrini y 9 de Julio, para luego marchar hasta la Fiscal\u00eda, con un recorrido que incluir\u00e1 las calles c\u00e9ntricas de la ciudad.<\/p>\n\n\n\n<p>Cabe destacar que, seg\u00fan el observatorio de g\u00e9nero de Mumal\u00e1, solo en los dos primeros meses del 2021, 69 mujeres, trans o travestis fueron asesinadas en el pa\u00eds, con la espeluznante cifra de una muerte violenta cada 21 horas. Si contamos solo los femicidios, trans o travesticidios, se registraron 47 casos, lo que equivale a una mujer, trans o travesti asesinada cada 30 horas.<\/p>\n\n\n\n<p>El reclamo de la declaraci\u00f3n de la Emergencia Nacional en cuestiones de g\u00e9nero, como desde hace a\u00f1os, ser\u00e1 una de las consignas centrales de esta movilizaci\u00f3n, al igual que la necesidad de una Reforma Judicial urgente, ya que, como demuestran varios femicidios recientes, entre ellos el de \u00darsula Bah\u00edllo en Rojas, muchas de las v\u00edctimas hab\u00edan ya denunciado a su agresor y\/o ten\u00edan medidas de restricci\u00f3n de contacto y\/o perimetral.<\/p>\n\n\n\n<p>Invitamos a toda la comunidad a sumarse a esta convocatoria en la que exigiremos pol\u00edticas p\u00fablicas para que dejen de matarnos.<\/p>\n\n\n\n<p>Agradecemos a los medios la difusi\u00f3n y el acompa\u00f1amiento<\/p>\n\n\n\n<p>Multisectorial Feminista de San Pedro<\/p>\n","protected":false},"excerpt":{"rendered":"<p>Este lunes 8, convocada por la Multisectorial Feminista de San Pedro, habr\u00e1 marcha en la ciudad, como cada 8 de marzo. En el marco de la conmemoraci\u00f3n del D\u00eda Internacional de la Mujer, la convocatoria ser\u00e1 a las 18.30 en Pellegrini y 9 de Julio, para luego marchar hasta la Fiscal\u00eda, con un recorrido que [&hellip;]<\/p>\n","protected":false},"author":4,"featured_media":88762,"comment_status":"open","ping_status":"closed","sticky":false,"template":"","format":"standard","meta":{"om_disable_all_campaigns":false,"_jetpack_memberships_contains_paid_content":false,"footnotes":""},"categories":[50,101,2],"tags":[],"class_list":["post-88761","post","type-post","status-publish","format-standard","has-post-thumbnail","hentry","category-destacadas","category-interes-general-locales","category-locales"],"aioseo_notices":[],"gutentor_comment":0,"jetpack_featured_media_url":"https:\/\/eldiariodesanpedro.com.ar\/sitio\/wp-content\/uploads\/2021\/03\/WhatsApp-Image-2021-03-08-at-08.09.11.jpeg","jetpack_shortlink":"https:\/\/wp.me\/p6RhLt-n5D","jetpack_sharing_enabled":true,"_links":{"self":[{"href":"https:\/\/eldiariodesanpedro.com.ar\/sitio\/wp-json\/wp\/v2\/posts\/88761","targetHints":{"allow":["GET"]}}],"collection":[{"href":"https:\/\/eldiariodesanpedro.com.ar\/sitio\/wp-json\/wp\/v2\/posts"}],"about":[{"href":"https:\/\/eldiariodesanpedro.com.ar\/sitio\/wp-json\/wp\/v2\/types\/post"}],"author":[{"embeddable":true,"href":"https:\/\/eldiariodesanpedro.com.ar\/sitio\/wp-json\/wp\/v2\/users\/4"}],"replies":[{"embeddable":true,"href":"https:\/\/eldiariodesanpedro.com.ar\/sitio\/wp-json\/wp\/v2\/comments?post=88761"}],"version-history":[{"count":1,"href":"https:\/\/eldiariodesanpedro.com.ar\/sitio\/wp-json\/wp\/v2\/posts\/88761\/revisions"}],"predecessor-version":[{"id":88763,"href":"https:\/\/eldiariodesanpedro.com.ar\/sitio\/wp-json\/wp\/v2\/posts\/88761\/revisions\/88763"}],"wp:featuredmedia":[{"embeddable":true,"href":"https:\/\/eldiariodesanpedro.com.ar\/sitio\/wp-json\/wp\/v2\/media\/88762"}],"wp:attachment":[{"href":"https:\/\/eldiariodesanpedro.com.ar\/sitio\/wp-json\/wp\/v2\/media?parent=88761"}],"wp:term":[{"taxonomy":"category","embeddable":true,"href":"https:\/\/eldiariodesanpedro.com.ar\/sitio\/wp-json\/wp\/v2\/categories?post=88761"},{"taxonomy":"post_tag","embeddable":true,"href":"https:\/\/eldiariodesanpedro.com.ar\/sitio\/wp-json\/wp\/v2\/tags?post=88761"}],"curies":[{"name":"wp","href":"https:\/\/api.w.org\/{rel}","templated":true}]}}