{"id":88754,"date":"2021-03-07T19:13:28","date_gmt":"2021-03-07T22:13:28","guid":{"rendered":"https:\/\/eldiariodesanpedro.com.ar\/sitio\/?p=88754"},"modified":"2021-03-07T19:13:31","modified_gmt":"2021-03-07T22:13:31","slug":"recuperan-parte-de-la-pelvis-de-una-macrauchenia","status":"publish","type":"post","link":"https:\/\/eldiariodesanpedro.com.ar\/sitio\/recuperan-parte-de-la-pelvis-de-una-macrauchenia\/","title":{"rendered":"Recuperan parte de la pelvis de una macrauchenia"},"content":{"rendered":"<!-- VideographyWP Plugin Message: Automatic video embedding prevented by plugin options. -->\n\n<p>Fue descubierta por dos vecinos en un sector de barrancas en la zona del puerto de San Pedro<\/p>\n\n\n\n<p>Miguel (padre) y Gast\u00f3n C\u00e1ceres (hijo) son vecinos de la zona portuaria de nuestra ciudad. Transitando un sector contra la barranca, observaron un hueso de gran tama\u00f1o que afloraba en un peque\u00f1o corte del terreno que hab\u00eda sido provocado por el agua de lluvia.<\/p>\n\n\n\n<p>De inmediato pensaron que pod\u00eda tratarse de material f\u00f3sil y se pusieron en contacto con el equipo del Museo Paleontol\u00f3gico de San Pedro.<\/p>\n\n\n\n<p>De esta forma, el Grupo Conservacionista de F\u00f3siles pudo identificar la pieza como perteneciente a un curioso mam\u00edfero cuya especie se extingui\u00f3 hace unos 10.000 a\u00f1os.&nbsp;<\/p>\n\n\n\n<p>La pieza result\u00f3 ser la mitad del lado derecho de la pelvis de una Macrauchenia (Macrauchenia patachonica), un llamativo mam\u00edfero herb\u00edvoro caracter\u00edstico de la prehistoria de la regi\u00f3n pampeana.<\/p>\n\n\n\n<p>Macrauchenia ten\u00eda una curiosa apariencia que recuerda a una mezcla de caballo, camello y tapir. Pose\u00eda una prolongaci\u00f3n en el labio superior de su boca, a modo de peque\u00f1a \u00abtrompa\u00bb, que le habr\u00eda facilitado arrancar las pasturas de las cuales se alimentaba.<\/p>\n\n\n\n<p>Es una excelente pieza que, de no ser por la buena predisposici\u00f3n de la familia C\u00e1ceres, habr\u00eda desaparecido con nuevas lluvias ya que hab\u00eda quedado en un sector de desgaste de la barranca.<\/p>\n\n\n\n<p>Este f\u00f3sil llega para complementar la informaci\u00f3n que el museo ha recabado de estos raros animales, cuyos restos se han hallado, adem\u00e1s, en Campo Sp\u00f3sito, Bajo Campod\u00f3nico, Vuelta de Obligado y ahora en el sector urbano. Adem\u00e1s, proporciona un registro de la especie en sedimentos de la edad Lujanense (10.000 a 140.000 a\u00f1os, aprox), ya que hallazgos anteriores se produjeron en capas de mayor antig\u00fcedad (Bonaerense y Ensenadense), lo que prueba una continuidad cronol\u00f3gica del animal en nuestra zona durante el \u00faltimo mill\u00f3n de a\u00f1os.<\/p>\n","protected":false},"excerpt":{"rendered":"<p>Fue descubierta por dos vecinos en un sector de barrancas en la zona del puerto de San Pedro Miguel (padre) y Gast\u00f3n C\u00e1ceres (hijo) son vecinos de la zona portuaria de nuestra ciudad. Transitando un sector contra la barranca, observaron un hueso de gran tama\u00f1o que afloraba en un peque\u00f1o corte del terreno que hab\u00eda [&hellip;]<\/p>\n","protected":false},"author":4,"featured_media":88755,"comment_status":"open","ping_status":"closed","sticky":false,"template":"","format":"standard","meta":{"om_disable_all_campaigns":false,"_jetpack_memberships_contains_paid_content":false,"footnotes":""},"categories":[50,101,2],"tags":[],"class_list":["post-88754","post","type-post","status-publish","format-standard","has-post-thumbnail","hentry","category-destacadas","category-interes-general-locales","category-locales"],"aioseo_notices":[],"gutentor_comment":0,"jetpack_featured_media_url":"https:\/\/eldiariodesanpedro.com.ar\/sitio\/wp-content\/uploads\/2021\/03\/IMG-20210302-WA0057.jpg","jetpack_shortlink":"https:\/\/wp.me\/p6RhLt-n5w","jetpack_sharing_enabled":true,"_links":{"self":[{"href":"https:\/\/eldiariodesanpedro.com.ar\/sitio\/wp-json\/wp\/v2\/posts\/88754","targetHints":{"allow":["GET"]}}],"collection":[{"href":"https:\/\/eldiariodesanpedro.com.ar\/sitio\/wp-json\/wp\/v2\/posts"}],"about":[{"href":"https:\/\/eldiariodesanpedro.com.ar\/sitio\/wp-json\/wp\/v2\/types\/post"}],"author":[{"embeddable":true,"href":"https:\/\/eldiariodesanpedro.com.ar\/sitio\/wp-json\/wp\/v2\/users\/4"}],"replies":[{"embeddable":true,"href":"https:\/\/eldiariodesanpedro.com.ar\/sitio\/wp-json\/wp\/v2\/comments?post=88754"}],"version-history":[{"count":1,"href":"https:\/\/eldiariodesanpedro.com.ar\/sitio\/wp-json\/wp\/v2\/posts\/88754\/revisions"}],"predecessor-version":[{"id":88756,"href":"https:\/\/eldiariodesanpedro.com.ar\/sitio\/wp-json\/wp\/v2\/posts\/88754\/revisions\/88756"}],"wp:featuredmedia":[{"embeddable":true,"href":"https:\/\/eldiariodesanpedro.com.ar\/sitio\/wp-json\/wp\/v2\/media\/88755"}],"wp:attachment":[{"href":"https:\/\/eldiariodesanpedro.com.ar\/sitio\/wp-json\/wp\/v2\/media?parent=88754"}],"wp:term":[{"taxonomy":"category","embeddable":true,"href":"https:\/\/eldiariodesanpedro.com.ar\/sitio\/wp-json\/wp\/v2\/categories?post=88754"},{"taxonomy":"post_tag","embeddable":true,"href":"https:\/\/eldiariodesanpedro.com.ar\/sitio\/wp-json\/wp\/v2\/tags?post=88754"}],"curies":[{"name":"wp","href":"https:\/\/api.w.org\/{rel}","templated":true}]}}