{"id":88748,"date":"2021-03-07T19:00:22","date_gmt":"2021-03-07T22:00:22","guid":{"rendered":"https:\/\/eldiariodesanpedro.com.ar\/sitio\/?p=88748"},"modified":"2021-03-07T19:00:26","modified_gmt":"2021-03-07T22:00:26","slug":"volco-un-automovil-en-ruta-9-un-hombre-herido","status":"publish","type":"post","link":"https:\/\/eldiariodesanpedro.com.ar\/sitio\/volco-un-automovil-en-ruta-9-un-hombre-herido\/","title":{"rendered":"Volc\u00f3 un autom\u00f3vil en ruta 9, un hombre herido"},"content":{"rendered":"<!-- VideographyWP Plugin Message: Automatic video embedding prevented by plugin options. -->\n\n<p>Este domingo ocurri\u00f3 un accidente de tr\u00e1nsito en ruta nacional 9 donde un hombre result\u00f3 herido y fue trasladado al nosocomio local.<\/p>\n\n\n\n<p>El siniestro vial tuvo lugar alrededor de las 11:45 hs en la Ruta Nacional 9 en el km 152 donde un autom\u00f3vil Sandero Stepway por motivos que se tratan de establecer su conductor pierde el control del rodado comenzando a dar vuelcos quedando en el cantero central.<\/p>\n\n\n\n<p>El masculino que viajaba solo en el  rodado es identificado como Gustavo Socolsky de 63 a\u00f1os de edad oriunda de la provincia de C\u00f3rdoba, y afortunadamente no sufri\u00f3 heridas de gravedad pero fue trasladado al nosocomio local donde permanece internado en observaci\u00f3n.<\/p>\n","protected":false},"excerpt":{"rendered":"<p>Este domingo ocurri\u00f3 un accidente de tr\u00e1nsito en ruta nacional 9 donde un hombre result\u00f3 herido y fue trasladado al nosocomio local. El siniestro vial tuvo lugar alrededor de las 11:45 hs en la Ruta Nacional 9 en el km 152 donde un autom\u00f3vil Sandero Stepway por motivos que se tratan de establecer su conductor [&hellip;]<\/p>\n","protected":false},"author":4,"featured_media":88749,"comment_status":"open","ping_status":"closed","sticky":false,"template":"","format":"standard","meta":{"om_disable_all_campaigns":false,"_jetpack_memberships_contains_paid_content":false,"footnotes":""},"categories":[50,2,103],"tags":[],"class_list":["post-88748","post","type-post","status-publish","format-standard","has-post-thumbnail","hentry","category-destacadas","category-locales","category-policiales-locales"],"aioseo_notices":[],"gutentor_comment":0,"jetpack_featured_media_url":"https:\/\/eldiariodesanpedro.com.ar\/sitio\/wp-content\/uploads\/2021\/03\/WhatsApp-Image-2021-03-07-at-13.01.02.jpeg","jetpack_shortlink":"https:\/\/wp.me\/p6RhLt-n5q","jetpack_sharing_enabled":true,"_links":{"self":[{"href":"https:\/\/eldiariodesanpedro.com.ar\/sitio\/wp-json\/wp\/v2\/posts\/88748","targetHints":{"allow":["GET"]}}],"collection":[{"href":"https:\/\/eldiariodesanpedro.com.ar\/sitio\/wp-json\/wp\/v2\/posts"}],"about":[{"href":"https:\/\/eldiariodesanpedro.com.ar\/sitio\/wp-json\/wp\/v2\/types\/post"}],"author":[{"embeddable":true,"href":"https:\/\/eldiariodesanpedro.com.ar\/sitio\/wp-json\/wp\/v2\/users\/4"}],"replies":[{"embeddable":true,"href":"https:\/\/eldiariodesanpedro.com.ar\/sitio\/wp-json\/wp\/v2\/comments?post=88748"}],"version-history":[{"count":1,"href":"https:\/\/eldiariodesanpedro.com.ar\/sitio\/wp-json\/wp\/v2\/posts\/88748\/revisions"}],"predecessor-version":[{"id":88750,"href":"https:\/\/eldiariodesanpedro.com.ar\/sitio\/wp-json\/wp\/v2\/posts\/88748\/revisions\/88750"}],"wp:featuredmedia":[{"embeddable":true,"href":"https:\/\/eldiariodesanpedro.com.ar\/sitio\/wp-json\/wp\/v2\/media\/88749"}],"wp:attachment":[{"href":"https:\/\/eldiariodesanpedro.com.ar\/sitio\/wp-json\/wp\/v2\/media?parent=88748"}],"wp:term":[{"taxonomy":"category","embeddable":true,"href":"https:\/\/eldiariodesanpedro.com.ar\/sitio\/wp-json\/wp\/v2\/categories?post=88748"},{"taxonomy":"post_tag","embeddable":true,"href":"https:\/\/eldiariodesanpedro.com.ar\/sitio\/wp-json\/wp\/v2\/tags?post=88748"}],"curies":[{"name":"wp","href":"https:\/\/api.w.org\/{rel}","templated":true}]}}