{"id":88746,"date":"2021-03-07T18:51:32","date_gmt":"2021-03-07T21:51:32","guid":{"rendered":"https:\/\/eldiariodesanpedro.com.ar\/sitio\/?p=88746"},"modified":"2021-03-07T18:51:37","modified_gmt":"2021-03-07T21:51:37","slug":"clausuraron-un-local-de-venta-de-bebidas-alcoholicas","status":"publish","type":"post","link":"https:\/\/eldiariodesanpedro.com.ar\/sitio\/clausuraron-un-local-de-venta-de-bebidas-alcoholicas\/","title":{"rendered":"Clausuraron un local de venta de bebidas alcoh\u00f3licas"},"content":{"rendered":"<!-- VideographyWP Plugin Message: Automatic video embedding prevented by plugin options. -->\n\n<p>La polic\u00eda de nuestra ciudad en conjunto con el personal de inspecci\u00f3n realiz\u00f3 la clausura de un local de ventas de bebidas alcoh\u00f3licas por falta de documentaci\u00f3n habilitante.<\/p>\n\n\n\n<p>Este domingo en las primeras horas se llev\u00f3 a cabo la clausura del local de rubro vinoteca ubicado en calle Olivera cesar y Pellegrini, el mismo se realiz\u00f3 teniendo en cuenta que su propietario no posee la habilitaci\u00f3n municipal correspondiente.<\/p>\n","protected":false},"excerpt":{"rendered":"<p>La polic\u00eda de nuestra ciudad en conjunto con el personal de inspecci\u00f3n realiz\u00f3 la clausura de un local de ventas de bebidas alcoh\u00f3licas por falta de documentaci\u00f3n habilitante. Este domingo en las primeras horas se llev\u00f3 a cabo la clausura del local de rubro vinoteca ubicado en calle Olivera cesar y Pellegrini, el mismo se [&hellip;]<\/p>\n","protected":false},"author":4,"featured_media":79484,"comment_status":"open","ping_status":"closed","sticky":false,"template":"","format":"standard","meta":{"om_disable_all_campaigns":false,"_jetpack_memberships_contains_paid_content":false,"footnotes":""},"categories":[2,103],"tags":[],"class_list":["post-88746","post","type-post","status-publish","format-standard","has-post-thumbnail","hentry","category-locales","category-policiales-locales"],"aioseo_notices":[],"gutentor_comment":0,"jetpack_featured_media_url":"https:\/\/eldiariodesanpedro.com.ar\/sitio\/wp-content\/uploads\/2020\/08\/clausura.jpg","jetpack_shortlink":"https:\/\/wp.me\/p6RhLt-n5o","jetpack_sharing_enabled":true,"_links":{"self":[{"href":"https:\/\/eldiariodesanpedro.com.ar\/sitio\/wp-json\/wp\/v2\/posts\/88746","targetHints":{"allow":["GET"]}}],"collection":[{"href":"https:\/\/eldiariodesanpedro.com.ar\/sitio\/wp-json\/wp\/v2\/posts"}],"about":[{"href":"https:\/\/eldiariodesanpedro.com.ar\/sitio\/wp-json\/wp\/v2\/types\/post"}],"author":[{"embeddable":true,"href":"https:\/\/eldiariodesanpedro.com.ar\/sitio\/wp-json\/wp\/v2\/users\/4"}],"replies":[{"embeddable":true,"href":"https:\/\/eldiariodesanpedro.com.ar\/sitio\/wp-json\/wp\/v2\/comments?post=88746"}],"version-history":[{"count":1,"href":"https:\/\/eldiariodesanpedro.com.ar\/sitio\/wp-json\/wp\/v2\/posts\/88746\/revisions"}],"predecessor-version":[{"id":88747,"href":"https:\/\/eldiariodesanpedro.com.ar\/sitio\/wp-json\/wp\/v2\/posts\/88746\/revisions\/88747"}],"wp:featuredmedia":[{"embeddable":true,"href":"https:\/\/eldiariodesanpedro.com.ar\/sitio\/wp-json\/wp\/v2\/media\/79484"}],"wp:attachment":[{"href":"https:\/\/eldiariodesanpedro.com.ar\/sitio\/wp-json\/wp\/v2\/media?parent=88746"}],"wp:term":[{"taxonomy":"category","embeddable":true,"href":"https:\/\/eldiariodesanpedro.com.ar\/sitio\/wp-json\/wp\/v2\/categories?post=88746"},{"taxonomy":"post_tag","embeddable":true,"href":"https:\/\/eldiariodesanpedro.com.ar\/sitio\/wp-json\/wp\/v2\/tags?post=88746"}],"curies":[{"name":"wp","href":"https:\/\/api.w.org\/{rel}","templated":true}]}}