{"id":88740,"date":"2021-03-07T18:33:56","date_gmt":"2021-03-07T21:33:56","guid":{"rendered":"https:\/\/eldiariodesanpedro.com.ar\/sitio\/?p=88740"},"modified":"2021-03-07T18:33:57","modified_gmt":"2021-03-07T21:33:57","slug":"denuncias-por-danos-en-propiedades","status":"publish","type":"post","link":"https:\/\/eldiariodesanpedro.com.ar\/sitio\/denuncias-por-danos-en-propiedades\/","title":{"rendered":"Denuncias por da\u00f1os en propiedades"},"content":{"rendered":"<!-- VideographyWP Plugin Message: Automatic video embedding prevented by plugin options. -->\n\n<p>Se recibieron dos denuncias en la comisar\u00eda local por personas particulares que sufrieron da\u00f1os materiales en sus propiedades.<\/p>\n\n\n\n<p>Este s\u00e1bado se recibi\u00f3 una denuncia por parte de un masculino de 60 a\u00f1os, que en horas de la ma\u00f1ana de ayer&nbsp; es anoticiado de que ignorados han da\u00f1ado puerta de la casa rodante que posee en predio ubicado en Chaniar 2 Nro. 5, Barrio \u201cPago Chico\u201d de esta ciudad. No constataron faltantes.&nbsp;<\/p>\n\n\n\n<p>Tambi\u00e9n este domingo una mujer de 45 a\u00f1os denunci\u00f3, que un sujeto desconocido da\u00f1o abertura de chapa de su domicilio ubicado en calle Pellegrini al 2600. No constataron faltantes.<\/p>\n","protected":false},"excerpt":{"rendered":"<p>Se recibieron dos denuncias en la comisar\u00eda local por personas particulares que sufrieron da\u00f1os materiales en sus propiedades. Este s\u00e1bado se recibi\u00f3 una denuncia por parte de un masculino de 60 a\u00f1os, que en horas de la ma\u00f1ana de ayer&nbsp; es anoticiado de que ignorados han da\u00f1ado puerta de la casa rodante que posee en [&hellip;]<\/p>\n","protected":false},"author":4,"featured_media":71476,"comment_status":"open","ping_status":"closed","sticky":false,"template":"","format":"standard","meta":{"om_disable_all_campaigns":false,"_jetpack_memberships_contains_paid_content":false,"footnotes":""},"categories":[2,103],"tags":[],"class_list":["post-88740","post","type-post","status-publish","format-standard","has-post-thumbnail","hentry","category-locales","category-policiales-locales"],"aioseo_notices":[],"gutentor_comment":0,"jetpack_featured_media_url":"https:\/\/eldiariodesanpedro.com.ar\/sitio\/wp-content\/uploads\/2020\/04\/thumb_patrulla-policia-bonaerense-movil-policia.jpeg","jetpack_shortlink":"https:\/\/wp.me\/p6RhLt-n5i","jetpack_sharing_enabled":true,"_links":{"self":[{"href":"https:\/\/eldiariodesanpedro.com.ar\/sitio\/wp-json\/wp\/v2\/posts\/88740","targetHints":{"allow":["GET"]}}],"collection":[{"href":"https:\/\/eldiariodesanpedro.com.ar\/sitio\/wp-json\/wp\/v2\/posts"}],"about":[{"href":"https:\/\/eldiariodesanpedro.com.ar\/sitio\/wp-json\/wp\/v2\/types\/post"}],"author":[{"embeddable":true,"href":"https:\/\/eldiariodesanpedro.com.ar\/sitio\/wp-json\/wp\/v2\/users\/4"}],"replies":[{"embeddable":true,"href":"https:\/\/eldiariodesanpedro.com.ar\/sitio\/wp-json\/wp\/v2\/comments?post=88740"}],"version-history":[{"count":1,"href":"https:\/\/eldiariodesanpedro.com.ar\/sitio\/wp-json\/wp\/v2\/posts\/88740\/revisions"}],"predecessor-version":[{"id":88741,"href":"https:\/\/eldiariodesanpedro.com.ar\/sitio\/wp-json\/wp\/v2\/posts\/88740\/revisions\/88741"}],"wp:featuredmedia":[{"embeddable":true,"href":"https:\/\/eldiariodesanpedro.com.ar\/sitio\/wp-json\/wp\/v2\/media\/71476"}],"wp:attachment":[{"href":"https:\/\/eldiariodesanpedro.com.ar\/sitio\/wp-json\/wp\/v2\/media?parent=88740"}],"wp:term":[{"taxonomy":"category","embeddable":true,"href":"https:\/\/eldiariodesanpedro.com.ar\/sitio\/wp-json\/wp\/v2\/categories?post=88740"},{"taxonomy":"post_tag","embeddable":true,"href":"https:\/\/eldiariodesanpedro.com.ar\/sitio\/wp-json\/wp\/v2\/tags?post=88740"}],"curies":[{"name":"wp","href":"https:\/\/api.w.org\/{rel}","templated":true}]}}