{"id":88738,"date":"2021-03-07T18:25:33","date_gmt":"2021-03-07T21:25:33","guid":{"rendered":"https:\/\/eldiariodesanpedro.com.ar\/sitio\/?p=88738"},"modified":"2021-03-07T18:25:34","modified_gmt":"2021-03-07T21:25:34","slug":"denuncia-por-una-presunta-estafa","status":"publish","type":"post","link":"https:\/\/eldiariodesanpedro.com.ar\/sitio\/denuncia-por-una-presunta-estafa\/","title":{"rendered":"Denuncia por una presunta estafa"},"content":{"rendered":"<!-- VideographyWP Plugin Message: Automatic video embedding prevented by plugin options. -->\n\n<p>Este s\u00e1bado se recibi\u00f3 en la comisar\u00eda local una denuncia por parte de un masculino de 63 a\u00f1os, que el d\u00eda 2 del corriente advirti\u00f3 faltante de dinero que se encontraba depositado en su cuenta.&nbsp;<\/p>\n\n\n\n<p>Niega haber brindado informaci\u00f3n a terceros ni haber hecho movimiento.<\/p>\n","protected":false},"excerpt":{"rendered":"<p>Este s\u00e1bado se recibi\u00f3 en la comisar\u00eda local una denuncia por parte de un masculino de 63 a\u00f1os, que el d\u00eda 2 del corriente advirti\u00f3 faltante de dinero que se encontraba depositado en su cuenta.&nbsp; Niega haber brindado informaci\u00f3n a terceros ni haber hecho movimiento.<\/p>\n","protected":false},"author":4,"featured_media":45394,"comment_status":"open","ping_status":"closed","sticky":false,"template":"","format":"standard","meta":{"om_disable_all_campaigns":false,"_jetpack_memberships_contains_paid_content":false,"footnotes":""},"categories":[2,103],"tags":[],"class_list":["post-88738","post","type-post","status-publish","format-standard","has-post-thumbnail","hentry","category-locales","category-policiales-locales"],"aioseo_notices":[],"gutentor_comment":0,"jetpack_featured_media_url":"https:\/\/eldiariodesanpedro.com.ar\/sitio\/wp-content\/uploads\/2019\/01\/comisaria.jpg","jetpack_shortlink":"https:\/\/wp.me\/p6RhLt-n5g","jetpack_sharing_enabled":true,"_links":{"self":[{"href":"https:\/\/eldiariodesanpedro.com.ar\/sitio\/wp-json\/wp\/v2\/posts\/88738","targetHints":{"allow":["GET"]}}],"collection":[{"href":"https:\/\/eldiariodesanpedro.com.ar\/sitio\/wp-json\/wp\/v2\/posts"}],"about":[{"href":"https:\/\/eldiariodesanpedro.com.ar\/sitio\/wp-json\/wp\/v2\/types\/post"}],"author":[{"embeddable":true,"href":"https:\/\/eldiariodesanpedro.com.ar\/sitio\/wp-json\/wp\/v2\/users\/4"}],"replies":[{"embeddable":true,"href":"https:\/\/eldiariodesanpedro.com.ar\/sitio\/wp-json\/wp\/v2\/comments?post=88738"}],"version-history":[{"count":1,"href":"https:\/\/eldiariodesanpedro.com.ar\/sitio\/wp-json\/wp\/v2\/posts\/88738\/revisions"}],"predecessor-version":[{"id":88739,"href":"https:\/\/eldiariodesanpedro.com.ar\/sitio\/wp-json\/wp\/v2\/posts\/88738\/revisions\/88739"}],"wp:featuredmedia":[{"embeddable":true,"href":"https:\/\/eldiariodesanpedro.com.ar\/sitio\/wp-json\/wp\/v2\/media\/45394"}],"wp:attachment":[{"href":"https:\/\/eldiariodesanpedro.com.ar\/sitio\/wp-json\/wp\/v2\/media?parent=88738"}],"wp:term":[{"taxonomy":"category","embeddable":true,"href":"https:\/\/eldiariodesanpedro.com.ar\/sitio\/wp-json\/wp\/v2\/categories?post=88738"},{"taxonomy":"post_tag","embeddable":true,"href":"https:\/\/eldiariodesanpedro.com.ar\/sitio\/wp-json\/wp\/v2\/tags?post=88738"}],"curies":[{"name":"wp","href":"https:\/\/api.w.org\/{rel}","templated":true}]}}