{"id":88735,"date":"2021-03-07T18:23:21","date_gmt":"2021-03-07T21:23:21","guid":{"rendered":"https:\/\/eldiariodesanpedro.com.ar\/sitio\/?p=88735"},"modified":"2021-03-07T18:23:22","modified_gmt":"2021-03-07T21:23:22","slug":"recuperan-una-bicicleta-robada-a-una-mujer","status":"publish","type":"post","link":"https:\/\/eldiariodesanpedro.com.ar\/sitio\/recuperan-una-bicicleta-robada-a-una-mujer\/","title":{"rendered":"Recuperan una bicicleta robada a una mujer"},"content":{"rendered":"<!-- VideographyWP Plugin Message: Automatic video embedding prevented by plugin options. -->\n\n<p>Ayer promediando las 12:30 hs el personal policial de la comisar\u00eda alertado y tras&nbsp; r\u00e1pido proceder en calle Bozzano entre Miguel Porta y Bottaro, procede a la aprehension de masculino de 26 a\u00f1os, secuestrando en su poder una bicicleta de dama sustra\u00edda momentos antes de la vereda de calle Goycochea al 500, propiedad de femenina de 47 a\u00f1os.&nbsp;<\/p>\n\n\n\n<p>En el procedimiento los familiares de la v\u00edctima aportaron los datos para poder recuperar el rodado.&nbsp;<\/p>\n\n\n\n<p>La bicicleta fue restituida a la v\u00edctima y el delincuente de frondosos antecedentes permaneci\u00f3 detenido en sede policial tras recaudos legales recuper\u00f3 libertad.<\/p>\n","protected":false},"excerpt":{"rendered":"<p>Ayer promediando las 12:30 hs el personal policial de la comisar\u00eda alertado y tras&nbsp; r\u00e1pido proceder en calle Bozzano entre Miguel Porta y Bottaro, procede a la aprehension de masculino de 26 a\u00f1os, secuestrando en su poder una bicicleta de dama sustra\u00edda momentos antes de la vereda de calle Goycochea al 500, propiedad de femenina [&hellip;]<\/p>\n","protected":false},"author":4,"featured_media":88736,"comment_status":"open","ping_status":"closed","sticky":false,"template":"","format":"standard","meta":{"om_disable_all_campaigns":false,"_jetpack_memberships_contains_paid_content":false,"footnotes":""},"categories":[2,103],"tags":[],"class_list":["post-88735","post","type-post","status-publish","format-standard","has-post-thumbnail","hentry","category-locales","category-policiales-locales"],"aioseo_notices":[],"gutentor_comment":0,"jetpack_featured_media_url":"https:\/\/eldiariodesanpedro.com.ar\/sitio\/wp-content\/uploads\/2021\/03\/Bicicleta-robada-7-de-marzo-.jpeg","jetpack_shortlink":"https:\/\/wp.me\/p6RhLt-n5d","jetpack_sharing_enabled":true,"_links":{"self":[{"href":"https:\/\/eldiariodesanpedro.com.ar\/sitio\/wp-json\/wp\/v2\/posts\/88735","targetHints":{"allow":["GET"]}}],"collection":[{"href":"https:\/\/eldiariodesanpedro.com.ar\/sitio\/wp-json\/wp\/v2\/posts"}],"about":[{"href":"https:\/\/eldiariodesanpedro.com.ar\/sitio\/wp-json\/wp\/v2\/types\/post"}],"author":[{"embeddable":true,"href":"https:\/\/eldiariodesanpedro.com.ar\/sitio\/wp-json\/wp\/v2\/users\/4"}],"replies":[{"embeddable":true,"href":"https:\/\/eldiariodesanpedro.com.ar\/sitio\/wp-json\/wp\/v2\/comments?post=88735"}],"version-history":[{"count":1,"href":"https:\/\/eldiariodesanpedro.com.ar\/sitio\/wp-json\/wp\/v2\/posts\/88735\/revisions"}],"predecessor-version":[{"id":88737,"href":"https:\/\/eldiariodesanpedro.com.ar\/sitio\/wp-json\/wp\/v2\/posts\/88735\/revisions\/88737"}],"wp:featuredmedia":[{"embeddable":true,"href":"https:\/\/eldiariodesanpedro.com.ar\/sitio\/wp-json\/wp\/v2\/media\/88736"}],"wp:attachment":[{"href":"https:\/\/eldiariodesanpedro.com.ar\/sitio\/wp-json\/wp\/v2\/media?parent=88735"}],"wp:term":[{"taxonomy":"category","embeddable":true,"href":"https:\/\/eldiariodesanpedro.com.ar\/sitio\/wp-json\/wp\/v2\/categories?post=88735"},{"taxonomy":"post_tag","embeddable":true,"href":"https:\/\/eldiariodesanpedro.com.ar\/sitio\/wp-json\/wp\/v2\/tags?post=88735"}],"curies":[{"name":"wp","href":"https:\/\/api.w.org\/{rel}","templated":true}]}}