{"id":88733,"date":"2021-03-07T18:15:55","date_gmt":"2021-03-07T21:15:55","guid":{"rendered":"https:\/\/eldiariodesanpedro.com.ar\/sitio\/?p=88733"},"modified":"2021-03-07T18:15:59","modified_gmt":"2021-03-07T21:15:59","slug":"varios-aprehendidos-por-tenencia-de-estupefacientes-5","status":"publish","type":"post","link":"https:\/\/eldiariodesanpedro.com.ar\/sitio\/varios-aprehendidos-por-tenencia-de-estupefacientes-5\/","title":{"rendered":"Varios aprehendidos por tenencia de estupefacientes"},"content":{"rendered":"<!-- VideographyWP Plugin Message: Automatic video embedding prevented by plugin options. -->\n\n<p>Siete procedimientos se dieron en distintos puntos de la ciudad y horarios en el d\u00eda de ayer,&nbsp; y durante la madrugada de hoy, en d\u00f3nde se traslad\u00f3 a sede policial a personas mayores de edad, seis hombres y una mujer,&nbsp; a quienes se le secuestr\u00f3 en su poder&nbsp; sustancia marihuana en \u00ednfimo pesaje .&nbsp;<\/p>\n\n\n\n<p>Se cumplieron recaudos legales e inicio de causa judicial con intervenci\u00f3n de la fiscal\u00eda local.<\/p>\n","protected":false},"excerpt":{"rendered":"<p>Siete procedimientos se dieron en distintos puntos de la ciudad y horarios en el d\u00eda de ayer,&nbsp; y durante la madrugada de hoy, en d\u00f3nde se traslad\u00f3 a sede policial a personas mayores de edad, seis hombres y una mujer,&nbsp; a quienes se le secuestr\u00f3 en su poder&nbsp; sustancia marihuana en \u00ednfimo pesaje .&nbsp; Se [&hellip;]<\/p>\n","protected":false},"author":4,"featured_media":78843,"comment_status":"open","ping_status":"closed","sticky":false,"template":"","format":"standard","meta":{"om_disable_all_campaigns":false,"_jetpack_memberships_contains_paid_content":false,"footnotes":""},"categories":[2,103],"tags":[],"class_list":["post-88733","post","type-post","status-publish","format-standard","has-post-thumbnail","hentry","category-locales","category-policiales-locales"],"aioseo_notices":[],"gutentor_comment":0,"jetpack_featured_media_url":"https:\/\/eldiariodesanpedro.com.ar\/sitio\/wp-content\/uploads\/2020\/08\/0.jpg","jetpack_shortlink":"https:\/\/wp.me\/p6RhLt-n5b","jetpack_sharing_enabled":true,"_links":{"self":[{"href":"https:\/\/eldiariodesanpedro.com.ar\/sitio\/wp-json\/wp\/v2\/posts\/88733","targetHints":{"allow":["GET"]}}],"collection":[{"href":"https:\/\/eldiariodesanpedro.com.ar\/sitio\/wp-json\/wp\/v2\/posts"}],"about":[{"href":"https:\/\/eldiariodesanpedro.com.ar\/sitio\/wp-json\/wp\/v2\/types\/post"}],"author":[{"embeddable":true,"href":"https:\/\/eldiariodesanpedro.com.ar\/sitio\/wp-json\/wp\/v2\/users\/4"}],"replies":[{"embeddable":true,"href":"https:\/\/eldiariodesanpedro.com.ar\/sitio\/wp-json\/wp\/v2\/comments?post=88733"}],"version-history":[{"count":1,"href":"https:\/\/eldiariodesanpedro.com.ar\/sitio\/wp-json\/wp\/v2\/posts\/88733\/revisions"}],"predecessor-version":[{"id":88734,"href":"https:\/\/eldiariodesanpedro.com.ar\/sitio\/wp-json\/wp\/v2\/posts\/88733\/revisions\/88734"}],"wp:featuredmedia":[{"embeddable":true,"href":"https:\/\/eldiariodesanpedro.com.ar\/sitio\/wp-json\/wp\/v2\/media\/78843"}],"wp:attachment":[{"href":"https:\/\/eldiariodesanpedro.com.ar\/sitio\/wp-json\/wp\/v2\/media?parent=88733"}],"wp:term":[{"taxonomy":"category","embeddable":true,"href":"https:\/\/eldiariodesanpedro.com.ar\/sitio\/wp-json\/wp\/v2\/categories?post=88733"},{"taxonomy":"post_tag","embeddable":true,"href":"https:\/\/eldiariodesanpedro.com.ar\/sitio\/wp-json\/wp\/v2\/tags?post=88733"}],"curies":[{"name":"wp","href":"https:\/\/api.w.org\/{rel}","templated":true}]}}