{"id":88730,"date":"2021-03-07T18:10:35","date_gmt":"2021-03-07T21:10:35","guid":{"rendered":"https:\/\/eldiariodesanpedro.com.ar\/sitio\/?p=88730"},"modified":"2021-03-07T18:10:36","modified_gmt":"2021-03-07T21:10:36","slug":"robaron-una-moto-y-la-policia-los-atrapo-cuando-la-llevaban-de-tiro","status":"publish","type":"post","link":"https:\/\/eldiariodesanpedro.com.ar\/sitio\/robaron-una-moto-y-la-policia-los-atrapo-cuando-la-llevaban-de-tiro\/","title":{"rendered":"Robaron una moto y la polic\u00eda los atrapo cuando la llevaban de tiro"},"content":{"rendered":"<!-- VideographyWP Plugin Message: Automatic video embedding prevented by plugin options. -->\n\n<p>En la madrugada de hoy promediando las 04:30 hs el personal policial de la comisar\u00eda en calle Facundo Quiroga y La Laguna, aprehenden a una joven de 14 a\u00f1os y a masculino de 37 a\u00f1os, quienes llevaba de tiro una motocicleta que instantes antes sustrajeron&nbsp; de la vereda de Saavedra e Ituzaing\u00f3.&nbsp;<\/p>\n\n\n\n<p>El rodado resultaba&nbsp; propiedad de una mujer de 18 a\u00f1os a quien se le restituye la moto recuperada.<\/p>\n\n\n\n<p>Interviene la justicia juvenil la menor fue entregada a sus padres y el mayor permanece alojado en sede policial este \u00faltimo cuenta con frondosos antecedentes.<\/p>\n","protected":false},"excerpt":{"rendered":"<p>En la madrugada de hoy promediando las 04:30 hs el personal policial de la comisar\u00eda en calle Facundo Quiroga y La Laguna, aprehenden a una joven de 14 a\u00f1os y a masculino de 37 a\u00f1os, quienes llevaba de tiro una motocicleta que instantes antes sustrajeron&nbsp; de la vereda de Saavedra e Ituzaing\u00f3.&nbsp; El rodado resultaba&nbsp; [&hellip;]<\/p>\n","protected":false},"author":4,"featured_media":88731,"comment_status":"open","ping_status":"closed","sticky":false,"template":"","format":"standard","meta":{"om_disable_all_campaigns":false,"_jetpack_memberships_contains_paid_content":false,"footnotes":""},"categories":[2,103],"tags":[],"class_list":["post-88730","post","type-post","status-publish","format-standard","has-post-thumbnail","hentry","category-locales","category-policiales-locales"],"aioseo_notices":[],"gutentor_comment":0,"jetpack_featured_media_url":"https:\/\/eldiariodesanpedro.com.ar\/sitio\/wp-content\/uploads\/2021\/03\/WhatsApp-Image-2021-03-07-at-11.49.45.jpeg","jetpack_shortlink":"https:\/\/wp.me\/p6RhLt-n58","jetpack_sharing_enabled":true,"_links":{"self":[{"href":"https:\/\/eldiariodesanpedro.com.ar\/sitio\/wp-json\/wp\/v2\/posts\/88730","targetHints":{"allow":["GET"]}}],"collection":[{"href":"https:\/\/eldiariodesanpedro.com.ar\/sitio\/wp-json\/wp\/v2\/posts"}],"about":[{"href":"https:\/\/eldiariodesanpedro.com.ar\/sitio\/wp-json\/wp\/v2\/types\/post"}],"author":[{"embeddable":true,"href":"https:\/\/eldiariodesanpedro.com.ar\/sitio\/wp-json\/wp\/v2\/users\/4"}],"replies":[{"embeddable":true,"href":"https:\/\/eldiariodesanpedro.com.ar\/sitio\/wp-json\/wp\/v2\/comments?post=88730"}],"version-history":[{"count":1,"href":"https:\/\/eldiariodesanpedro.com.ar\/sitio\/wp-json\/wp\/v2\/posts\/88730\/revisions"}],"predecessor-version":[{"id":88732,"href":"https:\/\/eldiariodesanpedro.com.ar\/sitio\/wp-json\/wp\/v2\/posts\/88730\/revisions\/88732"}],"wp:featuredmedia":[{"embeddable":true,"href":"https:\/\/eldiariodesanpedro.com.ar\/sitio\/wp-json\/wp\/v2\/media\/88731"}],"wp:attachment":[{"href":"https:\/\/eldiariodesanpedro.com.ar\/sitio\/wp-json\/wp\/v2\/media?parent=88730"}],"wp:term":[{"taxonomy":"category","embeddable":true,"href":"https:\/\/eldiariodesanpedro.com.ar\/sitio\/wp-json\/wp\/v2\/categories?post=88730"},{"taxonomy":"post_tag","embeddable":true,"href":"https:\/\/eldiariodesanpedro.com.ar\/sitio\/wp-json\/wp\/v2\/tags?post=88730"}],"curies":[{"name":"wp","href":"https:\/\/api.w.org\/{rel}","templated":true}]}}