{"id":88727,"date":"2021-03-07T18:05:28","date_gmt":"2021-03-07T21:05:28","guid":{"rendered":"https:\/\/eldiariodesanpedro.com.ar\/sitio\/?p=88727"},"modified":"2021-03-07T18:05:32","modified_gmt":"2021-03-07T21:05:32","slug":"un-aprehendido-por-apunalar-a-su-pareja-ja-mujer-se-encuentra-en-estado-delicado","status":"publish","type":"post","link":"https:\/\/eldiariodesanpedro.com.ar\/sitio\/un-aprehendido-por-apunalar-a-su-pareja-ja-mujer-se-encuentra-en-estado-delicado\/","title":{"rendered":"Un aprehendido por apu\u00f1alar a su pareja, ja mujer se encuentra en estado delicado"},"content":{"rendered":"<!-- VideographyWP Plugin Message: Automatic video embedding prevented by plugin options. -->\n\n<p>Este s\u00e1bado, promediando las 23:30 hs&nbsp; la polic\u00eda del Destacamento de Gobernador Castro&nbsp; procede al barrio centenario de esa localidad a la aprehensi\u00f3n del masculino de 28 a\u00f1os, quien momentos antes mantuvo discusi\u00f3n con su pareja, quien fuera trasladada al Hospital de Castro presentando heridas cortantes en su abdomen.<\/p>\n\n\n\n<p>En el lugar se secuestr\u00f3 arma blanca tipo cuchillo utilizada para atacar a la v\u00edctima, la joven a\u00fan no se le pudo recibir declaraci\u00f3n testimonial ya que fue trasladada posteriormente al hospital de San Pedro donde fue intervenida quir\u00fargicamente para exploraci\u00f3n y su estado es reservado.&nbsp;<\/p>\n\n\n\n<p>Un familiar de la mujer herida aport\u00f3 detalles que llevaron a la aprehensi\u00f3n de la pareja y resultar el \u00fanico sospechoso del hecho, permanece alojado en sede policial a disposici\u00f3n de la justicia local<\/p>\n","protected":false},"excerpt":{"rendered":"<p>Este s\u00e1bado, promediando las 23:30 hs&nbsp; la polic\u00eda del Destacamento de Gobernador Castro&nbsp; procede al barrio centenario de esa localidad a la aprehensi\u00f3n del masculino de 28 a\u00f1os, quien momentos antes mantuvo discusi\u00f3n con su pareja, quien fuera trasladada al Hospital de Castro presentando heridas cortantes en su abdomen. En el lugar se secuestr\u00f3 arma [&hellip;]<\/p>\n","protected":false},"author":4,"featured_media":88728,"comment_status":"open","ping_status":"closed","sticky":false,"template":"","format":"standard","meta":{"om_disable_all_campaigns":false,"_jetpack_memberships_contains_paid_content":false,"footnotes":""},"categories":[50,2,103],"tags":[],"class_list":["post-88727","post","type-post","status-publish","format-standard","has-post-thumbnail","hentry","category-destacadas","category-locales","category-policiales-locales"],"aioseo_notices":[],"gutentor_comment":0,"jetpack_featured_media_url":"https:\/\/eldiariodesanpedro.com.ar\/sitio\/wp-content\/uploads\/2021\/03\/Detenido-por-tentativa-de-femicidio-Castro.jpg","jetpack_shortlink":"https:\/\/wp.me\/p6RhLt-n55","jetpack_sharing_enabled":true,"_links":{"self":[{"href":"https:\/\/eldiariodesanpedro.com.ar\/sitio\/wp-json\/wp\/v2\/posts\/88727","targetHints":{"allow":["GET"]}}],"collection":[{"href":"https:\/\/eldiariodesanpedro.com.ar\/sitio\/wp-json\/wp\/v2\/posts"}],"about":[{"href":"https:\/\/eldiariodesanpedro.com.ar\/sitio\/wp-json\/wp\/v2\/types\/post"}],"author":[{"embeddable":true,"href":"https:\/\/eldiariodesanpedro.com.ar\/sitio\/wp-json\/wp\/v2\/users\/4"}],"replies":[{"embeddable":true,"href":"https:\/\/eldiariodesanpedro.com.ar\/sitio\/wp-json\/wp\/v2\/comments?post=88727"}],"version-history":[{"count":1,"href":"https:\/\/eldiariodesanpedro.com.ar\/sitio\/wp-json\/wp\/v2\/posts\/88727\/revisions"}],"predecessor-version":[{"id":88729,"href":"https:\/\/eldiariodesanpedro.com.ar\/sitio\/wp-json\/wp\/v2\/posts\/88727\/revisions\/88729"}],"wp:featuredmedia":[{"embeddable":true,"href":"https:\/\/eldiariodesanpedro.com.ar\/sitio\/wp-json\/wp\/v2\/media\/88728"}],"wp:attachment":[{"href":"https:\/\/eldiariodesanpedro.com.ar\/sitio\/wp-json\/wp\/v2\/media?parent=88727"}],"wp:term":[{"taxonomy":"category","embeddable":true,"href":"https:\/\/eldiariodesanpedro.com.ar\/sitio\/wp-json\/wp\/v2\/categories?post=88727"},{"taxonomy":"post_tag","embeddable":true,"href":"https:\/\/eldiariodesanpedro.com.ar\/sitio\/wp-json\/wp\/v2\/tags?post=88727"}],"curies":[{"name":"wp","href":"https:\/\/api.w.org\/{rel}","templated":true}]}}