{"id":88723,"date":"2021-03-06T13:53:19","date_gmt":"2021-03-06T16:53:19","guid":{"rendered":"https:\/\/eldiariodesanpedro.com.ar\/sitio\/?p=88723"},"modified":"2021-03-06T13:53:19","modified_gmt":"2021-03-06T16:53:19","slug":"san-nicolas-aprehenden-a-nicoleno-con-celulares-iphone-con-un-valor-de-dos-millones-de-pesos-sin-registro-de-ingreso-aduanero","status":"publish","type":"post","link":"https:\/\/eldiariodesanpedro.com.ar\/sitio\/san-nicolas-aprehenden-a-nicoleno-con-celulares-iphone-con-un-valor-de-dos-millones-de-pesos-sin-registro-de-ingreso-aduanero\/","title":{"rendered":"SAN NICOL\u00c1S | Aprehenden a nicole\u00f1o con celulares Iphone con un valor de dos millones de pesos sin registro de ingreso aduanero"},"content":{"rendered":"<!-- VideographyWP Plugin Message: Automatic video embedding prevented by plugin options. -->\n\n<p>En horas del mediod\u00eda sobre Ruta Nacional 9 KM 225, fue detenido en un reten de control vehicular un Volkswagen Vento conducido por un comerciante nicole\u00f1o de 38 a\u00f1os.<\/p>\n\n\n\n<p>Personal de Gendarmer\u00eda Nacional procede al control f\u00edsico y documentol\u00f3gico del conductor, como as\u00ed tambi\u00e9n lo estaban realizando con otros coches.<\/p>\n\n\n\n<p>En presencia de testigos se requisa el habit\u00e1culo y hallan dentro de una caja de cart\u00f3n debajo de la guantera 12 celulares marca IPhone en sus cajas, de diferentes colores. Encuentran dos cajas mas conteniendo celulares IPhone, ocultas en el torpedo en direcci\u00f3n al volante y un tel\u00e9fono marca Samsung S21 en el espacio del apoya brazos del rodado.<\/p>\n\n\n\n<p>Las fuerzas de seguridad al encontrarse frente una posible violaci\u00f3n a la LEY 22415 del C\u00f3digo Aduanero, se contactaron con el Juez Federal Carlos Villafuerte Ruzzo, y por Secretar\u00eda del Dr. Pendido y Fiscal\u00eda Federal, Secretar\u00eda Dra. Poggio, solicitaron se tome contacto con personal de Aduana San Nicol\u00e1s.<\/p>\n\n\n\n<p>Los mismos una vez que analizaron los tel\u00e9fonos determinaron que los IPhone ser\u00edan de origen extranjero sin haberse registrado su ingreso al pa\u00eds. La valuaci\u00f3n estimada de lo secuestrado seg\u00fan Aduana es de $2.584.00,0 (dos millones quinientos ochenta y cuatro mil pesos).<\/p>\n\n\n\n<p>El Juez Federal determin\u00f3 el secuestro de los celulares, del veh\u00edculo marca Vento y que se proceda a la aprehensi\u00f3n de Mat\u00edas Battaggia.<\/p>\n\n\n\n<p>En horas de la noche se libraron dos \u00f3rdenes de allanamientos sobre el domicilio del aprehendido, por calle Olleros y Lavalle y un segundo por Moreno entre Lavalle y Le\u00f3n Guruciaga.<\/p>\n\n\n\n<p>El resultado de las diligencias fue positivo, ya que secuestraron m\u00e1s mercader\u00eda de origen extranjero, celulares de origen chino y GO Pro entre otros elementos.<\/p>\n\n\n\n<p>En las pr\u00f3ximas horas el aprehendido recuperara la libertad ya que es un delito excarcelable. Y se lo investiga por posible infracci\u00f3n a la LEY 22415, Art. 874 de C\u00f3digo Aduanero, que por ahora ser\u00eda encubrimiento de contrabando.<\/p>\n\n\n\n<p>El operativo lo realiz\u00f3 de manera completa Gendarmer\u00eda Nacional a cargo del Comandante Juan Carlos Alcaraz, Jefe del Escuadr\u00f3n de seguridad vial San Nicol\u00e1s.<\/p>\n\n\n\n<p>Colabor\u00f3 personal del Servicio Aduanero dependiente de la Aduana de San Nicol\u00e1s.<\/p>\n","protected":false},"excerpt":{"rendered":"<p>En horas del mediod\u00eda sobre Ruta Nacional 9 KM 225, fue detenido en un reten de control vehicular un Volkswagen Vento conducido por un comerciante nicole\u00f1o de 38 a\u00f1os. Personal de Gendarmer\u00eda Nacional procede al control f\u00edsico y documentol\u00f3gico del conductor, como as\u00ed tambi\u00e9n lo estaban realizando con otros coches. En presencia de testigos se [&hellip;]<\/p>\n","protected":false},"author":4,"featured_media":88724,"comment_status":"open","ping_status":"closed","sticky":false,"template":"","format":"standard","meta":{"om_disable_all_campaigns":false,"_jetpack_memberships_contains_paid_content":false,"footnotes":""},"categories":[621],"tags":[],"class_list":["post-88723","post","type-post","status-publish","format-standard","has-post-thumbnail","hentry","category-regionales"],"aioseo_notices":[],"gutentor_comment":0,"jetpack_featured_media_url":"https:\/\/eldiariodesanpedro.com.ar\/sitio\/wp-content\/uploads\/2021\/03\/no_ks5rsb1w1ntl5fsMORENO.jpg","jetpack_shortlink":"https:\/\/wp.me\/p6RhLt-n51","jetpack_sharing_enabled":true,"_links":{"self":[{"href":"https:\/\/eldiariodesanpedro.com.ar\/sitio\/wp-json\/wp\/v2\/posts\/88723","targetHints":{"allow":["GET"]}}],"collection":[{"href":"https:\/\/eldiariodesanpedro.com.ar\/sitio\/wp-json\/wp\/v2\/posts"}],"about":[{"href":"https:\/\/eldiariodesanpedro.com.ar\/sitio\/wp-json\/wp\/v2\/types\/post"}],"author":[{"embeddable":true,"href":"https:\/\/eldiariodesanpedro.com.ar\/sitio\/wp-json\/wp\/v2\/users\/4"}],"replies":[{"embeddable":true,"href":"https:\/\/eldiariodesanpedro.com.ar\/sitio\/wp-json\/wp\/v2\/comments?post=88723"}],"version-history":[{"count":1,"href":"https:\/\/eldiariodesanpedro.com.ar\/sitio\/wp-json\/wp\/v2\/posts\/88723\/revisions"}],"predecessor-version":[{"id":88725,"href":"https:\/\/eldiariodesanpedro.com.ar\/sitio\/wp-json\/wp\/v2\/posts\/88723\/revisions\/88725"}],"wp:featuredmedia":[{"embeddable":true,"href":"https:\/\/eldiariodesanpedro.com.ar\/sitio\/wp-json\/wp\/v2\/media\/88724"}],"wp:attachment":[{"href":"https:\/\/eldiariodesanpedro.com.ar\/sitio\/wp-json\/wp\/v2\/media?parent=88723"}],"wp:term":[{"taxonomy":"category","embeddable":true,"href":"https:\/\/eldiariodesanpedro.com.ar\/sitio\/wp-json\/wp\/v2\/categories?post=88723"},{"taxonomy":"post_tag","embeddable":true,"href":"https:\/\/eldiariodesanpedro.com.ar\/sitio\/wp-json\/wp\/v2\/tags?post=88723"}],"curies":[{"name":"wp","href":"https:\/\/api.w.org\/{rel}","templated":true}]}}