{"id":88720,"date":"2021-03-06T13:48:38","date_gmt":"2021-03-06T16:48:38","guid":{"rendered":"https:\/\/eldiariodesanpedro.com.ar\/sitio\/?p=88720"},"modified":"2021-03-06T13:48:43","modified_gmt":"2021-03-06T16:48:43","slug":"san-nicolas-la-justicia-federal-condeno-a-carboquimica-del-parana-por-actividad-contaminante","status":"publish","type":"post","link":"https:\/\/eldiariodesanpedro.com.ar\/sitio\/san-nicolas-la-justicia-federal-condeno-a-carboquimica-del-parana-por-actividad-contaminante\/","title":{"rendered":"SAN NICOL\u00c1S | La justicia federal conden\u00f3 a carboqu\u00edmica del Paran\u00e1 por actividad contaminante"},"content":{"rendered":"<!-- VideographyWP Plugin Message: Automatic video embedding prevented by plugin options. -->\n\n<p><strong>El Juzgado a cargo de Villafuerte Ruzo conden\u00f3 a la empresa Carboqu\u00edmica del Paran\u00e1 por considerar que contamin\u00f3 el r\u00edo Paran\u00e1 con agroqu\u00edmicos. Tambi\u00e9n asegur\u00f3 que la OPDS \u00abincumpli\u00f3 con su misi\u00f3n legal\u00bb.<\/strong><\/p>\n\n\n\n<p>La Justicia Federal conden\u00f3 a la empresa Carboqu\u00edmica del Paran\u00e1 de Ramallo por haber contaminado al R\u00edo Paran\u00e1 con agroqu\u00edmicos. El Juzgado Federal de San Nicol\u00e1s dict\u00f3 sentencia en el amparo ambiental que hab\u00eda sido presentado por la ONG Fomea, y conden\u00f3 a la empresa Carboqu\u00edmica del Paran\u00e1 SA al \u201ccese de actividad contaminante y a realizar tareas de recomposici\u00f3n ambiental\u201d.La justicia ya ven\u00eda investigando casos similares de contaminaci\u00f3n, llegando incluso a allanar otra de las empresas m\u00e1s importantes de la zona \u2013Atanor- en julio del a\u00f1o pasado, luego de que la Corte Interamericana de Derechos Humanos (CIDH) se pronunciara sobre el caso y le diera un plazo de seis meses al Estado argentino para actuar al respecto. Sucede que en los alrededores al polo industrial, que es denominado como \u201cbarrio qu\u00edmica\u201d, se registraron un total de 200 muertes por diferentes tipos de c\u00e1ncer.<\/p>\n\n\n\n<p>Pero, el fallo de la Justicia Federal tuvo otro agregado que sum\u00f3 importancia: no solo se conden\u00f3 a la empresa denunciada, sino tambi\u00e9n a la propia Provincia, luego de que se comprobara que su organismo de control, el Organismo para el Desarrollo Sostenible (OPDS) hab\u00eda \u201cincumplido su misi\u00f3n legal\u201d, algo que para los jueces de la causa result\u00f3 algo significativo.<\/p>\n\n\n\n<p><strong>\u201cDesastre ambiental\u201d<\/strong><br>Seg\u00fan la organizaci\u00f3n ambiental que llev\u00f3 el caso a la justicia, la empresa condenada \u201cgener\u00f3 un desastre ambiental en las costas del r\u00edo Paran\u00e1, contaminando severamente con restos del destilado de alquitr\u00e1n de hulla un amplio sector de aleda\u00f1o a la planta, afectando suelo, barrancas, bosques nativos, humedales y el propio curso del r\u00edo Paran\u00e1, la contaminaci\u00f3n constatada afect\u00f3 la biodiversidad de ese valioso entorno natural\u201d.\u00bbEstamos muy contentos por la sentencia por la obligaci\u00f3n de recomponer el ambiente. Adem\u00e1s, tuvo el agregado de condenar a la OPDS, al cual nosotros consideramos que son los grandes responsables de esa gran degradaci\u00f3n ambiental en la vera del R\u00edo Paran\u00e1\u00bb,le dijo a INFOCIELO, el abogado ambiental y uno de los querellantes en la causa, Fabi\u00e1n Maggi. \u00abVamos a exigir al OPDS que revea al funcionamiento y se adec\u00fae a la normativa ambiental como la ley se lo impone\u00bb, agreg\u00f3 el letrado.<\/p>\n\n\n\n<p>\u201cEl resultado arribado fue posible por la perseverancia de la ciudadan\u00eda y el aporte de Gendarmer\u00eda y de la Divisi\u00f3n de Delitos Ambientales de la Polic\u00eda Federal, que realizaron los trabajos de campo, relevamientos y tomas de muestras que fueron analizadas en el laboratorio del CIM-UNLP, posteriormente esos datos fueron objeto de an\u00e1lisis por parte de la Perito Oficial Lic. Laura Gonzales. Ahora Carboqu\u00edmica del Paran\u00e1 deber\u00e1 juntamente con el OPDS iniciar un programa de remediaci\u00f3n del ambiente destinado a mitigar la grave contaminaci\u00f3n generada\u201d, agregaron en un comunicado.<\/p>\n\n\n\n<p>No es la primera vez que la justicia federal intercede en la provincia respecto a asuntos estrictamente ambientales, que como generalmente sucede, se interrelacionan directamente con la salud de las personas. En septiembre de 2019, el Juzgado Federal de San Nicol\u00e1s, tambi\u00e9n estableci\u00f3 un amparo en Pergamino para prohibir las fumigaciones a\u00e9reas a menos de mil metros y las terrestres, a menos de mil metros de centros urbanos y rurales.Por su parte, en julio del a\u00f1o pasado, se allan\u00f3 por primera vez a la f\u00e1brica Atanor, una de las m\u00e1s grandes empresas de agroqu\u00edmicos en todo el pa\u00eds. La causa que denunciaba contaminaciones hacia el R\u00edo Paran\u00e1, hab\u00eda sido presentada hac\u00eda seis a\u00f1os atr\u00e1s.Los hechos m\u00e1s contundentes pasaron por el registro de 200 muertes por diferentes tipos de c\u00e1ncer en el barrio aleda\u00f1o al polo industrial, as\u00ed como tambi\u00e9n la comprobaci\u00f3n de enterramientos clandestinos de residuos \u201caltamente peligrosos para la salud humana y ambiental\u201d.<\/p>\n\n\n\n<p>Fuente: <a href=\"https:\/\/diarioelnorte.com.ar\/nota?id_noticia=10301\">Diario El Norte<\/a><\/p>\n","protected":false},"excerpt":{"rendered":"<p>El Juzgado a cargo de Villafuerte Ruzo conden\u00f3 a la empresa Carboqu\u00edmica del Paran\u00e1 por considerar que contamin\u00f3 el r\u00edo Paran\u00e1 con agroqu\u00edmicos. Tambi\u00e9n asegur\u00f3 que la OPDS \u00abincumpli\u00f3 con su misi\u00f3n legal\u00bb. La Justicia Federal conden\u00f3 a la empresa Carboqu\u00edmica del Paran\u00e1 de Ramallo por haber contaminado al R\u00edo Paran\u00e1 con agroqu\u00edmicos. El Juzgado [&hellip;]<\/p>\n","protected":false},"author":4,"featured_media":88721,"comment_status":"open","ping_status":"closed","sticky":false,"template":"","format":"standard","meta":{"om_disable_all_campaigns":false,"_jetpack_memberships_contains_paid_content":false,"footnotes":""},"categories":[621],"tags":[],"class_list":["post-88720","post","type-post","status-publish","format-standard","has-post-thumbnail","hentry","category-regionales"],"aioseo_notices":[],"gutentor_comment":0,"jetpack_featured_media_url":"https:\/\/eldiariodesanpedro.com.ar\/sitio\/wp-content\/uploads\/2021\/03\/0.jpg","jetpack_shortlink":"https:\/\/wp.me\/p6RhLt-n4Y","jetpack_sharing_enabled":true,"_links":{"self":[{"href":"https:\/\/eldiariodesanpedro.com.ar\/sitio\/wp-json\/wp\/v2\/posts\/88720","targetHints":{"allow":["GET"]}}],"collection":[{"href":"https:\/\/eldiariodesanpedro.com.ar\/sitio\/wp-json\/wp\/v2\/posts"}],"about":[{"href":"https:\/\/eldiariodesanpedro.com.ar\/sitio\/wp-json\/wp\/v2\/types\/post"}],"author":[{"embeddable":true,"href":"https:\/\/eldiariodesanpedro.com.ar\/sitio\/wp-json\/wp\/v2\/users\/4"}],"replies":[{"embeddable":true,"href":"https:\/\/eldiariodesanpedro.com.ar\/sitio\/wp-json\/wp\/v2\/comments?post=88720"}],"version-history":[{"count":1,"href":"https:\/\/eldiariodesanpedro.com.ar\/sitio\/wp-json\/wp\/v2\/posts\/88720\/revisions"}],"predecessor-version":[{"id":88722,"href":"https:\/\/eldiariodesanpedro.com.ar\/sitio\/wp-json\/wp\/v2\/posts\/88720\/revisions\/88722"}],"wp:featuredmedia":[{"embeddable":true,"href":"https:\/\/eldiariodesanpedro.com.ar\/sitio\/wp-json\/wp\/v2\/media\/88721"}],"wp:attachment":[{"href":"https:\/\/eldiariodesanpedro.com.ar\/sitio\/wp-json\/wp\/v2\/media?parent=88720"}],"wp:term":[{"taxonomy":"category","embeddable":true,"href":"https:\/\/eldiariodesanpedro.com.ar\/sitio\/wp-json\/wp\/v2\/categories?post=88720"},{"taxonomy":"post_tag","embeddable":true,"href":"https:\/\/eldiariodesanpedro.com.ar\/sitio\/wp-json\/wp\/v2\/tags?post=88720"}],"curies":[{"name":"wp","href":"https:\/\/api.w.org\/{rel}","templated":true}]}}