{"id":88717,"date":"2021-03-06T13:44:08","date_gmt":"2021-03-06T16:44:08","guid":{"rendered":"https:\/\/eldiariodesanpedro.com.ar\/sitio\/?p=88717"},"modified":"2021-03-06T13:44:11","modified_gmt":"2021-03-06T16:44:11","slug":"campana-accidente-y-colapso-vehicular-en-el-puente-zarate-brazo-largo","status":"publish","type":"post","link":"https:\/\/eldiariodesanpedro.com.ar\/sitio\/campana-accidente-y-colapso-vehicular-en-el-puente-zarate-brazo-largo\/","title":{"rendered":"CAMPANA | Accidente y colapso vehicular en el puente Z\u00e1rate Brazo Largo"},"content":{"rendered":"<!-- VideographyWP Plugin Message: Automatic video embedding prevented by plugin options. -->\n\n<p>A la altura del kil\u00f3metro 108 y producto del humo originado por incendio de pastizales, un choque m\u00faltiple bloque\u00f3 totalmente el tr\u00e1nsito mano a Entre R\u00edos. La congesti\u00f3n nace entre ambos puentes, pero origina kil\u00f3metros de cola. La circulaci\u00f3n se habilita paulatinamente, y por tramos.<\/p>\n\n\n\n<p>Un verdadero caos vehicular tiene como escenario la Ruta 12, que encuentra en este fin de semana a cientos de automovilistas intentando llegar a localidades entrerrianas, en su mayor\u00eda. Pero un accidente m\u00faltiple ocurrido entre ambos puentes del complejo Z\u00e1rate &#8211; Brazo Largo, en el kil\u00f3metro 108, bloque\u00f3 totalmente el tr\u00e1nsito.<\/p>\n\n\n\n<p>El hecho se produjo en horas de la madrugada, donde testigos se\u00f1alan que el humo sobre la Ruta generaba una visibilidad nula. Del accidente habr\u00edan participado al menos cinco autom\u00f3viles y dos camiones, donde no se produjeron v\u00edctimas fatales pero los heridos fueron conducidos al hospital Zonal Virgen del Carmen de Z\u00e1rate.<\/p>\n\n\n\n<p>Al parecer y por acci\u00f3n del viento, el humo originado por un incendio en la zona de Isla Talavera, hizo que los conductores que por all\u00ed circulaban quedaran pr\u00e1cticamente \u201cciegos\u201d produci\u00e9ndose el incidente que a\u00fan, deja secuelas en la circulaci\u00f3n,<\/p>\n\n\n\n<p>Fuente: <a href=\"https:\/\/www.campananoticias.com\/noticia\/66295\/accidente-y-colapso-vehicular-en-el-puente-zrate-brazo-largo\">Campana Noticias<\/a><\/p>\n","protected":false},"excerpt":{"rendered":"<p>A la altura del kil\u00f3metro 108 y producto del humo originado por incendio de pastizales, un choque m\u00faltiple bloque\u00f3 totalmente el tr\u00e1nsito mano a Entre R\u00edos. La congesti\u00f3n nace entre ambos puentes, pero origina kil\u00f3metros de cola. La circulaci\u00f3n se habilita paulatinamente, y por tramos. Un verdadero caos vehicular tiene como escenario la Ruta 12, [&hellip;]<\/p>\n","protected":false},"author":4,"featured_media":88718,"comment_status":"open","ping_status":"closed","sticky":false,"template":"","format":"standard","meta":{"om_disable_all_campaigns":false,"_jetpack_memberships_contains_paid_content":false,"footnotes":""},"categories":[621],"tags":[],"class_list":["post-88717","post","type-post","status-publish","format-standard","has-post-thumbnail","hentry","category-regionales"],"aioseo_notices":[],"gutentor_comment":0,"jetpack_featured_media_url":"https:\/\/eldiariodesanpedro.com.ar\/sitio\/wp-content\/uploads\/2021\/03\/20210306103849.jpeg","jetpack_shortlink":"https:\/\/wp.me\/p6RhLt-n4V","jetpack_sharing_enabled":true,"_links":{"self":[{"href":"https:\/\/eldiariodesanpedro.com.ar\/sitio\/wp-json\/wp\/v2\/posts\/88717","targetHints":{"allow":["GET"]}}],"collection":[{"href":"https:\/\/eldiariodesanpedro.com.ar\/sitio\/wp-json\/wp\/v2\/posts"}],"about":[{"href":"https:\/\/eldiariodesanpedro.com.ar\/sitio\/wp-json\/wp\/v2\/types\/post"}],"author":[{"embeddable":true,"href":"https:\/\/eldiariodesanpedro.com.ar\/sitio\/wp-json\/wp\/v2\/users\/4"}],"replies":[{"embeddable":true,"href":"https:\/\/eldiariodesanpedro.com.ar\/sitio\/wp-json\/wp\/v2\/comments?post=88717"}],"version-history":[{"count":1,"href":"https:\/\/eldiariodesanpedro.com.ar\/sitio\/wp-json\/wp\/v2\/posts\/88717\/revisions"}],"predecessor-version":[{"id":88719,"href":"https:\/\/eldiariodesanpedro.com.ar\/sitio\/wp-json\/wp\/v2\/posts\/88717\/revisions\/88719"}],"wp:featuredmedia":[{"embeddable":true,"href":"https:\/\/eldiariodesanpedro.com.ar\/sitio\/wp-json\/wp\/v2\/media\/88718"}],"wp:attachment":[{"href":"https:\/\/eldiariodesanpedro.com.ar\/sitio\/wp-json\/wp\/v2\/media?parent=88717"}],"wp:term":[{"taxonomy":"category","embeddable":true,"href":"https:\/\/eldiariodesanpedro.com.ar\/sitio\/wp-json\/wp\/v2\/categories?post=88717"},{"taxonomy":"post_tag","embeddable":true,"href":"https:\/\/eldiariodesanpedro.com.ar\/sitio\/wp-json\/wp\/v2\/tags?post=88717"}],"curies":[{"name":"wp","href":"https:\/\/api.w.org\/{rel}","templated":true}]}}