{"id":88714,"date":"2021-03-06T13:42:37","date_gmt":"2021-03-06T16:42:37","guid":{"rendered":"https:\/\/eldiariodesanpedro.com.ar\/sitio\/?p=88714"},"modified":"2021-03-06T13:42:41","modified_gmt":"2021-03-06T16:42:41","slug":"campana-muerte-en-el-b-21-de-septiembre","status":"publish","type":"post","link":"https:\/\/eldiariodesanpedro.com.ar\/sitio\/campana-muerte-en-el-b-21-de-septiembre\/","title":{"rendered":"CAMPANA | Muerte en el B\u00b0 21 de Septiembre"},"content":{"rendered":"<!-- VideographyWP Plugin Message: Automatic video embedding prevented by plugin options. -->\n\n<p>Ocurri\u00f3 ayer, en horas de la tarde. Un joven de 21 a\u00f1os recibi\u00f3 un disparo y fue trasladado de urgencia al Hospital, en un auto particular, donde finalmente falleci\u00f3. Su familia pide Justicia. El presunto autor del hecho est\u00e1 identificado.<\/p>\n\n\n\n<p>La violencia en la Ciudad volvi\u00f3 a cobrarse una v\u00edctima. Fue un joven de 21 quien, a causa de un disparo, perdi\u00f3 la vida ayer.<\/p>\n\n\n\n<p>El hecho ocurri\u00f3 en el barrio 21 de Septiembre, aunque se desconocen hasta el momento detalles del mismo. Franco Palomeque sufri\u00f3 una herida de arma de fuego que comprometi\u00f3 su vida, por lo que tuvo que se trasladado de urgencia al Hospital San Jos\u00e9 en un auto particular.<\/p>\n\n\n\n<p>Pasadas algunas horas, su cuadro se agrav\u00f3 y el joven no logr\u00f3 sobrevivir. Ahora, se aguarda el accionar de la Justicia, ya que el presunto autor del asesinato estar\u00eda identificado seg\u00fan se\u00f1alaron familiares de la v\u00edctima.<\/p>\n\n\n\n<p>Fuente: <a href=\"https:\/\/www.campananoticias.com\/noticia\/66297\/muerte-en-el-b-21-de-septiembre\">Campana noticias<\/a><\/p>\n","protected":false},"excerpt":{"rendered":"<p>Ocurri\u00f3 ayer, en horas de la tarde. Un joven de 21 a\u00f1os recibi\u00f3 un disparo y fue trasladado de urgencia al Hospital, en un auto particular, donde finalmente falleci\u00f3. Su familia pide Justicia. El presunto autor del hecho est\u00e1 identificado. La violencia en la Ciudad volvi\u00f3 a cobrarse una v\u00edctima. Fue un joven de 21 [&hellip;]<\/p>\n","protected":false},"author":4,"featured_media":88715,"comment_status":"open","ping_status":"closed","sticky":false,"template":"","format":"standard","meta":{"om_disable_all_campaigns":false,"_jetpack_memberships_contains_paid_content":false,"footnotes":""},"categories":[621],"tags":[],"class_list":["post-88714","post","type-post","status-publish","format-standard","has-post-thumbnail","hentry","category-regionales"],"aioseo_notices":[],"gutentor_comment":0,"jetpack_featured_media_url":"https:\/\/eldiariodesanpedro.com.ar\/sitio\/wp-content\/uploads\/2021\/03\/20210306113803.jpeg","jetpack_shortlink":"https:\/\/wp.me\/p6RhLt-n4S","jetpack_sharing_enabled":true,"_links":{"self":[{"href":"https:\/\/eldiariodesanpedro.com.ar\/sitio\/wp-json\/wp\/v2\/posts\/88714","targetHints":{"allow":["GET"]}}],"collection":[{"href":"https:\/\/eldiariodesanpedro.com.ar\/sitio\/wp-json\/wp\/v2\/posts"}],"about":[{"href":"https:\/\/eldiariodesanpedro.com.ar\/sitio\/wp-json\/wp\/v2\/types\/post"}],"author":[{"embeddable":true,"href":"https:\/\/eldiariodesanpedro.com.ar\/sitio\/wp-json\/wp\/v2\/users\/4"}],"replies":[{"embeddable":true,"href":"https:\/\/eldiariodesanpedro.com.ar\/sitio\/wp-json\/wp\/v2\/comments?post=88714"}],"version-history":[{"count":1,"href":"https:\/\/eldiariodesanpedro.com.ar\/sitio\/wp-json\/wp\/v2\/posts\/88714\/revisions"}],"predecessor-version":[{"id":88716,"href":"https:\/\/eldiariodesanpedro.com.ar\/sitio\/wp-json\/wp\/v2\/posts\/88714\/revisions\/88716"}],"wp:featuredmedia":[{"embeddable":true,"href":"https:\/\/eldiariodesanpedro.com.ar\/sitio\/wp-json\/wp\/v2\/media\/88715"}],"wp:attachment":[{"href":"https:\/\/eldiariodesanpedro.com.ar\/sitio\/wp-json\/wp\/v2\/media?parent=88714"}],"wp:term":[{"taxonomy":"category","embeddable":true,"href":"https:\/\/eldiariodesanpedro.com.ar\/sitio\/wp-json\/wp\/v2\/categories?post=88714"},{"taxonomy":"post_tag","embeddable":true,"href":"https:\/\/eldiariodesanpedro.com.ar\/sitio\/wp-json\/wp\/v2\/tags?post=88714"}],"curies":[{"name":"wp","href":"https:\/\/api.w.org\/{rel}","templated":true}]}}