{"id":88711,"date":"2021-03-06T13:40:44","date_gmt":"2021-03-06T16:40:44","guid":{"rendered":"https:\/\/eldiariodesanpedro.com.ar\/sitio\/?p=88711"},"modified":"2021-03-06T13:40:49","modified_gmt":"2021-03-06T16:40:49","slug":"anses-pagara-un-bono-de-8500-a-jovenes-como-inscribirse","status":"publish","type":"post","link":"https:\/\/eldiariodesanpedro.com.ar\/sitio\/anses-pagara-un-bono-de-8500-a-jovenes-como-inscribirse\/","title":{"rendered":"Anses pagar\u00e1 un bono de $8500 a j\u00f3venes: c\u00f3mo inscribirse"},"content":{"rendered":"<!-- VideographyWP Plugin Message: Automatic video embedding prevented by plugin options. -->\n\n<p>Luego de la desaparici\u00f3n del Ingreso Familiar de Emergencia (IFE), la Anses empieza a poner en marcha otras ayudas econ\u00f3micas para las poblaciones m\u00e1s vulnerables. En ese marco, el organismo anunci\u00f3 un bono de $8500 mensuales destinado a j\u00f3venes.<\/p>\n\n\n\n<p>En un acto realizado en Tecn\u00f3polis, la directora ejecutiva del ente previsional, Fernanda Raverta, y la secretaria de Inclusi\u00f3n Social del Ministerio de Desarrollo Social de la Naci\u00f3n, Laura Alonso, firmaron un convenio para generar acciones de colaboraci\u00f3n para la implementaci\u00f3n del Programa Nacional \u201cPotenciar Inclusi\u00f3n Joven\u201d. Se trata de un est\u00edmulo econ\u00f3mico para organizaciones que desarrollen proyectos productivos, laborales y comunitarios que promuevan la participaci\u00f3n de j\u00f3venes de entre 18 a 29 a\u00f1os en situaci\u00f3n de vulnerabilidad.<\/p>\n\n\n\n<p>Seg\u00fan indicaron fuentes oficiales, los proyectos deber\u00e1n ser presentados por organismos gubernamentales, organizaciones no gubernamentales e instituciones religiosas que tengan congruencia con los objetivos del programa. Se les asignar\u00e1 un incentivo econ\u00f3mico de $8500 mensuales a cada participante del proyecto presentado y financiado, los cuales podr\u00e1n tener hasta 12 meses de duraci\u00f3n. Los cupos son limitados ya que, en esta primera etapa, el objetivo del programa es alcanzar a 100 mil j\u00f3venes de todo el pa\u00eds.<\/p>\n\n\n\n<p><strong>C\u00f3mo inscribirse<\/strong><br>El Ministerio de Desarrollo Social ser\u00e1 el responsable del otorgamiento, la administraci\u00f3n y gesti\u00f3n de las prestaciones. La Anses, por su parte, realizar\u00e1 cruces inform\u00e1ticos utilizando la informaci\u00f3n en sus propias bases de datos y se encargar\u00e1 del pago. Los interesados en inscribirse deber\u00e1n enviar un correo electr\u00f3nico inclusionjoven@desarrollosocial.gob.ar. Si la solicitud es aprobada luego del cruce de datos, el interesado tendr\u00e1 que dirigirse a alguna de las organizaciones que hayan presentado proyectos para trabajar con j\u00f3venes vulnerables.<\/p>\n\n\n\n<p>Para la tramitaci\u00f3n de este tipo de beneficios es fundamental confirmar los datos personales que Anses tiene sobre cada interesado. Esto se realiza en la aplicaci\u00f3n \u201cMi Anses\u201d dentro de la web del organismo. All\u00ed se accede con CUIT y Clave de la Seguridad Social. Para modificaciones de domicilio o v\u00edas de contacto, tambi\u00e9n se puede llamar al 130.<\/p>\n\n\n\n<p>En ese sentido, Alonso manifest\u00f3: \u201cPotenciar Inclusi\u00f3n Joven es un programa que lanz\u00f3 el Ministerio de Desarrollo Social para promover iniciativas de diversos temas que convoquen a las y los j\u00f3venes de todo el pa\u00eds. El programa financiar\u00e1 el desarrollo de estos proyectos y otorgar\u00e1 una beca de $8500 para los j\u00f3venes participantes, que se pagar\u00e1 a trav\u00e9s de Anses. Es un gran paso que estamos dando en el enorme desaf\u00edo de restituir derechos y construir el futuro que nos merecemos\u201d, explic\u00f3 Alonso durante el acto.<\/p>\n\n\n\n<p>Durante la actividad donde presentaron esta nueva asignaci\u00f3n, las funcionarias estuvieron acompa\u00f1adas por m\u00e1s de 60 j\u00f3venes de los partidos bonaerenses de San Isidro y La Matanza. En este marco, Raverta expres\u00f3: \u201cLos j\u00f3venes son el motor para poner a la Argentina de pie. Tenemos que estar juntos para que la comunidad se organice y salga adelante; necesitamos de su compromiso para dar lo mejor ya que nadie se salva solo, sino con un Estado presente que acompa\u00f1a y genera las condiciones de igualdad de oportunidades para que todos los sue\u00f1os puedan ser cumplidos\u201d.<\/p>\n\n\n\n<p><strong>\u00bfPuedo inscribirme si cobro AUH o Becas Progresar?<\/strong><br>S\u00ed. El programa ser\u00e1 compatible con otras prestaciones sociales que abona Anses, entre ellas:<\/p>\n\n\n\n<p>Asignaci\u00f3n Universal por Hijo (AUH) y por Embarazo (AUE)<br>Becas Progresar.<br>Pensiones por Discapacidad.<br>Tarjeta Alimentar.<br>Titulares del monotributo social o aut\u00f3nomo (categor\u00eda A),<br>Programa de acompa\u00f1amiento para el egreso de j\u00f3venes sin cuidados parentales (PAE).<br>Prestaci\u00f3n por desempleo.<\/p>\n","protected":false},"excerpt":{"rendered":"<p>Luego de la desaparici\u00f3n del Ingreso Familiar de Emergencia (IFE), la Anses empieza a poner en marcha otras ayudas econ\u00f3micas para las poblaciones m\u00e1s vulnerables. En ese marco, el organismo anunci\u00f3 un bono de $8500 mensuales destinado a j\u00f3venes. En un acto realizado en Tecn\u00f3polis, la directora ejecutiva del ente previsional, Fernanda Raverta, y la [&hellip;]<\/p>\n","protected":false},"author":4,"featured_media":88712,"comment_status":"open","ping_status":"closed","sticky":false,"template":"","format":"standard","meta":{"om_disable_all_campaigns":false,"_jetpack_memberships_contains_paid_content":false,"footnotes":""},"categories":[621],"tags":[],"class_list":["post-88711","post","type-post","status-publish","format-standard","has-post-thumbnail","hentry","category-regionales"],"aioseo_notices":[],"gutentor_comment":0,"jetpack_featured_media_url":"https:\/\/eldiariodesanpedro.com.ar\/sitio\/wp-content\/uploads\/2021\/03\/AFXCEGJRAVCFJHW6ODT4W2XDWY-696x564-1.jpg","jetpack_shortlink":"https:\/\/wp.me\/p6RhLt-n4P","jetpack_sharing_enabled":true,"_links":{"self":[{"href":"https:\/\/eldiariodesanpedro.com.ar\/sitio\/wp-json\/wp\/v2\/posts\/88711","targetHints":{"allow":["GET"]}}],"collection":[{"href":"https:\/\/eldiariodesanpedro.com.ar\/sitio\/wp-json\/wp\/v2\/posts"}],"about":[{"href":"https:\/\/eldiariodesanpedro.com.ar\/sitio\/wp-json\/wp\/v2\/types\/post"}],"author":[{"embeddable":true,"href":"https:\/\/eldiariodesanpedro.com.ar\/sitio\/wp-json\/wp\/v2\/users\/4"}],"replies":[{"embeddable":true,"href":"https:\/\/eldiariodesanpedro.com.ar\/sitio\/wp-json\/wp\/v2\/comments?post=88711"}],"version-history":[{"count":1,"href":"https:\/\/eldiariodesanpedro.com.ar\/sitio\/wp-json\/wp\/v2\/posts\/88711\/revisions"}],"predecessor-version":[{"id":88713,"href":"https:\/\/eldiariodesanpedro.com.ar\/sitio\/wp-json\/wp\/v2\/posts\/88711\/revisions\/88713"}],"wp:featuredmedia":[{"embeddable":true,"href":"https:\/\/eldiariodesanpedro.com.ar\/sitio\/wp-json\/wp\/v2\/media\/88712"}],"wp:attachment":[{"href":"https:\/\/eldiariodesanpedro.com.ar\/sitio\/wp-json\/wp\/v2\/media?parent=88711"}],"wp:term":[{"taxonomy":"category","embeddable":true,"href":"https:\/\/eldiariodesanpedro.com.ar\/sitio\/wp-json\/wp\/v2\/categories?post=88711"},{"taxonomy":"post_tag","embeddable":true,"href":"https:\/\/eldiariodesanpedro.com.ar\/sitio\/wp-json\/wp\/v2\/tags?post=88711"}],"curies":[{"name":"wp","href":"https:\/\/api.w.org\/{rel}","templated":true}]}}