{"id":88705,"date":"2021-03-06T13:00:56","date_gmt":"2021-03-06T16:00:56","guid":{"rendered":"https:\/\/eldiariodesanpedro.com.ar\/sitio\/?p=88705"},"modified":"2021-03-06T13:01:00","modified_gmt":"2021-03-06T16:01:00","slug":"se-clausuro-una-fiesta-clandestina-con-mas-de-400-personas-en-las-amalias-2","status":"publish","type":"post","link":"https:\/\/eldiariodesanpedro.com.ar\/sitio\/se-clausuro-una-fiesta-clandestina-con-mas-de-400-personas-en-las-amalias-2\/","title":{"rendered":"Se clausuro una fiesta clandestina con mas de 400 personas en Las Amalias"},"content":{"rendered":"<!-- VideographyWP Plugin Message: Automatic video embedding prevented by plugin options. -->\n\n<p>En la madrugada de hoy promediando las 03 hs el personal policial en intersecci\u00f3n de calles Crucero General Belgrano y Ruta 1001 en el predio Las Amalias constata fiesta clandestina motivo festej\u00f3 cumplea\u00f1os, con m\u00e1s de 400 personas&nbsp; presentes en el lugar.<\/p>\n\n\n\n<p>Se notific\u00f3 al respecto al organizador un masculino de 31 a\u00f1os de edad, fue identificado e imputado notificado del inicio de las causas. Intervenci\u00f3n Juzgado Federal de San Nicol\u00e1s\u00a0 y Juzgado de Faltas Municipal.<\/p>\n\n\n\n<p><\/p>\n","protected":false},"excerpt":{"rendered":"<p>En la madrugada de hoy promediando las 03 hs el personal policial en intersecci\u00f3n de calles Crucero General Belgrano y Ruta 1001 en el predio Las Amalias constata fiesta clandestina motivo festej\u00f3 cumplea\u00f1os, con m\u00e1s de 400 personas&nbsp; presentes en el lugar. Se notific\u00f3 al respecto al organizador un masculino de 31 a\u00f1os de edad, [&hellip;]<\/p>\n","protected":false},"author":4,"featured_media":88696,"comment_status":"open","ping_status":"closed","sticky":false,"template":"","format":"standard","meta":{"om_disable_all_campaigns":false,"_jetpack_memberships_contains_paid_content":false,"footnotes":""},"categories":[2],"tags":[],"class_list":["post-88705","post","type-post","status-publish","format-standard","has-post-thumbnail","hentry","category-locales"],"aioseo_notices":[],"gutentor_comment":0,"jetpack_featured_media_url":"https:\/\/eldiariodesanpedro.com.ar\/sitio\/wp-content\/uploads\/2021\/03\/2021-03-06-1.png","jetpack_shortlink":"https:\/\/wp.me\/p6RhLt-n4J","jetpack_sharing_enabled":true,"_links":{"self":[{"href":"https:\/\/eldiariodesanpedro.com.ar\/sitio\/wp-json\/wp\/v2\/posts\/88705","targetHints":{"allow":["GET"]}}],"collection":[{"href":"https:\/\/eldiariodesanpedro.com.ar\/sitio\/wp-json\/wp\/v2\/posts"}],"about":[{"href":"https:\/\/eldiariodesanpedro.com.ar\/sitio\/wp-json\/wp\/v2\/types\/post"}],"author":[{"embeddable":true,"href":"https:\/\/eldiariodesanpedro.com.ar\/sitio\/wp-json\/wp\/v2\/users\/4"}],"replies":[{"embeddable":true,"href":"https:\/\/eldiariodesanpedro.com.ar\/sitio\/wp-json\/wp\/v2\/comments?post=88705"}],"version-history":[{"count":1,"href":"https:\/\/eldiariodesanpedro.com.ar\/sitio\/wp-json\/wp\/v2\/posts\/88705\/revisions"}],"predecessor-version":[{"id":88707,"href":"https:\/\/eldiariodesanpedro.com.ar\/sitio\/wp-json\/wp\/v2\/posts\/88705\/revisions\/88707"}],"wp:featuredmedia":[{"embeddable":true,"href":"https:\/\/eldiariodesanpedro.com.ar\/sitio\/wp-json\/wp\/v2\/media\/88696"}],"wp:attachment":[{"href":"https:\/\/eldiariodesanpedro.com.ar\/sitio\/wp-json\/wp\/v2\/media?parent=88705"}],"wp:term":[{"taxonomy":"category","embeddable":true,"href":"https:\/\/eldiariodesanpedro.com.ar\/sitio\/wp-json\/wp\/v2\/categories?post=88705"},{"taxonomy":"post_tag","embeddable":true,"href":"https:\/\/eldiariodesanpedro.com.ar\/sitio\/wp-json\/wp\/v2\/tags?post=88705"}],"curies":[{"name":"wp","href":"https:\/\/api.w.org\/{rel}","templated":true}]}}