{"id":88702,"date":"2021-03-06T12:46:49","date_gmt":"2021-03-06T15:46:49","guid":{"rendered":"https:\/\/eldiariodesanpedro.com.ar\/sitio\/?p=88702"},"modified":"2021-03-06T12:46:53","modified_gmt":"2021-03-06T15:46:53","slug":"un-joven-se-quedo-dormido-cuando-manejaba-y-choco-varios-autos-estacionados","status":"publish","type":"post","link":"https:\/\/eldiariodesanpedro.com.ar\/sitio\/un-joven-se-quedo-dormido-cuando-manejaba-y-choco-varios-autos-estacionados\/","title":{"rendered":"Un joven se quedo dormido cuando manejaba y choco varios autos estacionados"},"content":{"rendered":"<!-- VideographyWP Plugin Message: Automatic video embedding prevented by plugin options. -->\n\n<p>Promediando las 06:30 horas de este s\u00e1bado la polic\u00eda acude a un accidente de tr\u00e1nsito donde un autom\u00f3vil Volkswagen Vento en calle Mitre y Liniers pierde el control cuando su conductor se queda dormido al volante colisionando otros autos estacionados provocando da\u00f1os materiales.\u00a0<\/p>\n\n\n\n<p>El conductor del autom\u00f3vil, un joven de 29 a\u00f1os, result\u00f3 ileso a quien se le realiz\u00f3 alcoholemia y dio resultado negativo.<\/p>\n","protected":false},"excerpt":{"rendered":"<p>Promediando las 06:30 horas de este s\u00e1bado la polic\u00eda acude a un accidente de tr\u00e1nsito donde un autom\u00f3vil Volkswagen Vento en calle Mitre y Liniers pierde el control cuando su conductor se queda dormido al volante colisionando otros autos estacionados provocando da\u00f1os materiales.\u00a0 El conductor del autom\u00f3vil, un joven de 29 a\u00f1os, result\u00f3 ileso a [&hellip;]<\/p>\n","protected":false},"author":4,"featured_media":77860,"comment_status":"open","ping_status":"closed","sticky":false,"template":"","format":"standard","meta":{"om_disable_all_campaigns":false,"_jetpack_memberships_contains_paid_content":false,"footnotes":""},"categories":[2,103],"tags":[],"class_list":["post-88702","post","type-post","status-publish","format-standard","has-post-thumbnail","hentry","category-locales","category-policiales-locales"],"aioseo_notices":[],"gutentor_comment":0,"jetpack_featured_media_url":"https:\/\/eldiariodesanpedro.com.ar\/sitio\/wp-content\/uploads\/2020\/07\/000085506.jpg","jetpack_shortlink":"https:\/\/wp.me\/p6RhLt-n4G","jetpack_sharing_enabled":true,"_links":{"self":[{"href":"https:\/\/eldiariodesanpedro.com.ar\/sitio\/wp-json\/wp\/v2\/posts\/88702","targetHints":{"allow":["GET"]}}],"collection":[{"href":"https:\/\/eldiariodesanpedro.com.ar\/sitio\/wp-json\/wp\/v2\/posts"}],"about":[{"href":"https:\/\/eldiariodesanpedro.com.ar\/sitio\/wp-json\/wp\/v2\/types\/post"}],"author":[{"embeddable":true,"href":"https:\/\/eldiariodesanpedro.com.ar\/sitio\/wp-json\/wp\/v2\/users\/4"}],"replies":[{"embeddable":true,"href":"https:\/\/eldiariodesanpedro.com.ar\/sitio\/wp-json\/wp\/v2\/comments?post=88702"}],"version-history":[{"count":1,"href":"https:\/\/eldiariodesanpedro.com.ar\/sitio\/wp-json\/wp\/v2\/posts\/88702\/revisions"}],"predecessor-version":[{"id":88703,"href":"https:\/\/eldiariodesanpedro.com.ar\/sitio\/wp-json\/wp\/v2\/posts\/88702\/revisions\/88703"}],"wp:featuredmedia":[{"embeddable":true,"href":"https:\/\/eldiariodesanpedro.com.ar\/sitio\/wp-json\/wp\/v2\/media\/77860"}],"wp:attachment":[{"href":"https:\/\/eldiariodesanpedro.com.ar\/sitio\/wp-json\/wp\/v2\/media?parent=88702"}],"wp:term":[{"taxonomy":"category","embeddable":true,"href":"https:\/\/eldiariodesanpedro.com.ar\/sitio\/wp-json\/wp\/v2\/categories?post=88702"},{"taxonomy":"post_tag","embeddable":true,"href":"https:\/\/eldiariodesanpedro.com.ar\/sitio\/wp-json\/wp\/v2\/tags?post=88702"}],"curies":[{"name":"wp","href":"https:\/\/api.w.org\/{rel}","templated":true}]}}