{"id":88692,"date":"2021-03-06T12:06:55","date_gmt":"2021-03-06T15:06:55","guid":{"rendered":"https:\/\/eldiariodesanpedro.com.ar\/sitio\/?p=88692"},"modified":"2021-03-06T12:06:56","modified_gmt":"2021-03-06T15:06:56","slug":"se-recuperaron-chapas-robadas-por-empleado-municipal-en-el-cementerio","status":"publish","type":"post","link":"https:\/\/eldiariodesanpedro.com.ar\/sitio\/se-recuperaron-chapas-robadas-por-empleado-municipal-en-el-cementerio\/","title":{"rendered":"Se recuperaron chapas robadas por empleado municipal en el cementerio"},"content":{"rendered":"<!-- VideographyWP Plugin Message: Automatic video embedding prevented by plugin options. -->\n\n<p>En la noche de ayer, promediando las 23 horas la justicia local autoriz\u00f3 tres allanamientos de urgencia en el radio urbano de San Pedro en el marco de un hecho de robo, en el primer objetivo se realiz\u00f3 la diligencia en calle Col\u00f3n al 1700, donde se procedi\u00f3 al secuestro de 9 chapas buscadas y a la aprehensi\u00f3n del imputado en la causa un masculino de 31 a\u00f1os de edad quien es empleado municipal.&nbsp;<\/p>\n\n\n\n<p>Tras ese primer resultado no se diligenciaron los restantes allanamientos, ya resultaba inutil ya que el aprehendido permanece en sede policial a disposici\u00f3n judicial a la espera de temperamento&nbsp; a adoptar, el hecho inicial tuvo lugar por la denuncia del robo de las chapas de un pante\u00f3n del cementerio local, denuncia radicada por el director del lugar Americo Cacho Quinatana un masculino de 70 a\u00f1os, quien juntamente con la secretar\u00eda de seguridad aportaron datos preciso del hecho, como as\u00ed camaras de seguridad.&nbsp;<\/p>\n\n\n\n<p>El hecho hab\u00eda ocurrido el fin de semana pasado en horas de la tarde.<\/p>\n\n\n\n<p>Interviene la UFI 11 local&nbsp;<\/p>\n","protected":false},"excerpt":{"rendered":"<p>En la noche de ayer, promediando las 23 horas la justicia local autoriz\u00f3 tres allanamientos de urgencia en el radio urbano de San Pedro en el marco de un hecho de robo, en el primer objetivo se realiz\u00f3 la diligencia en calle Col\u00f3n al 1700, donde se procedi\u00f3 al secuestro de 9 chapas buscadas y [&hellip;]<\/p>\n","protected":false},"author":4,"featured_media":88693,"comment_status":"open","ping_status":"closed","sticky":false,"template":"","format":"standard","meta":{"om_disable_all_campaigns":false,"_jetpack_memberships_contains_paid_content":false,"footnotes":""},"categories":[50,2,103],"tags":[],"class_list":["post-88692","post","type-post","status-publish","format-standard","has-post-thumbnail","hentry","category-destacadas","category-locales","category-policiales-locales"],"aioseo_notices":[],"gutentor_comment":0,"jetpack_featured_media_url":"https:\/\/eldiariodesanpedro.com.ar\/sitio\/wp-content\/uploads\/2021\/03\/WhatsApp-Image-2021-03-06-at-10.31.34.jpeg","jetpack_shortlink":"https:\/\/wp.me\/p6RhLt-n4w","jetpack_sharing_enabled":true,"_links":{"self":[{"href":"https:\/\/eldiariodesanpedro.com.ar\/sitio\/wp-json\/wp\/v2\/posts\/88692","targetHints":{"allow":["GET"]}}],"collection":[{"href":"https:\/\/eldiariodesanpedro.com.ar\/sitio\/wp-json\/wp\/v2\/posts"}],"about":[{"href":"https:\/\/eldiariodesanpedro.com.ar\/sitio\/wp-json\/wp\/v2\/types\/post"}],"author":[{"embeddable":true,"href":"https:\/\/eldiariodesanpedro.com.ar\/sitio\/wp-json\/wp\/v2\/users\/4"}],"replies":[{"embeddable":true,"href":"https:\/\/eldiariodesanpedro.com.ar\/sitio\/wp-json\/wp\/v2\/comments?post=88692"}],"version-history":[{"count":1,"href":"https:\/\/eldiariodesanpedro.com.ar\/sitio\/wp-json\/wp\/v2\/posts\/88692\/revisions"}],"predecessor-version":[{"id":88694,"href":"https:\/\/eldiariodesanpedro.com.ar\/sitio\/wp-json\/wp\/v2\/posts\/88692\/revisions\/88694"}],"wp:featuredmedia":[{"embeddable":true,"href":"https:\/\/eldiariodesanpedro.com.ar\/sitio\/wp-json\/wp\/v2\/media\/88693"}],"wp:attachment":[{"href":"https:\/\/eldiariodesanpedro.com.ar\/sitio\/wp-json\/wp\/v2\/media?parent=88692"}],"wp:term":[{"taxonomy":"category","embeddable":true,"href":"https:\/\/eldiariodesanpedro.com.ar\/sitio\/wp-json\/wp\/v2\/categories?post=88692"},{"taxonomy":"post_tag","embeddable":true,"href":"https:\/\/eldiariodesanpedro.com.ar\/sitio\/wp-json\/wp\/v2\/tags?post=88692"}],"curies":[{"name":"wp","href":"https:\/\/api.w.org\/{rel}","templated":true}]}}