{"id":88689,"date":"2021-03-06T11:57:48","date_gmt":"2021-03-06T14:57:48","guid":{"rendered":"https:\/\/eldiariodesanpedro.com.ar\/sitio\/?p=88689"},"modified":"2021-03-06T11:57:52","modified_gmt":"2021-03-06T14:57:52","slug":"clausuraron-fabro-club-por-no-respetar-distanciamiento","status":"publish","type":"post","link":"https:\/\/eldiariodesanpedro.com.ar\/sitio\/clausuraron-fabro-club-por-no-respetar-distanciamiento\/","title":{"rendered":"Clausuraron Fabro Club por no respetar distanciamiento"},"content":{"rendered":"<!-- VideographyWP Plugin Message: Automatic video embedding prevented by plugin options. -->\n\n<p>En la madrugada de hoy s\u00e1bado promediando las 02 hs el personal del gabinete criminol\u00f3gico de la comisar\u00eda y en el marco de la Ley 14050\u00a0 inspeccion\u00f3 comercio rubro resto bar de nombre Fabro Club,\u00a0 ubicado en calle 25 de Mayo zona c\u00e9ntrica de la ciudad procediendo a la clausura por incumplimiento de protocolo de seguridad e higiene\u00a0 por COVID19 por no cumplir con el\u00a0 distanciamiento, interviene juzgado de Paz local.<\/p>\n","protected":false},"excerpt":{"rendered":"<p>En la madrugada de hoy s\u00e1bado promediando las 02 hs el personal del gabinete criminol\u00f3gico de la comisar\u00eda y en el marco de la Ley 14050\u00a0 inspeccion\u00f3 comercio rubro resto bar de nombre Fabro Club,\u00a0 ubicado en calle 25 de Mayo zona c\u00e9ntrica de la ciudad procediendo a la clausura por incumplimiento de protocolo de [&hellip;]<\/p>\n","protected":false},"author":4,"featured_media":88690,"comment_status":"open","ping_status":"closed","sticky":false,"template":"","format":"standard","meta":{"om_disable_all_campaigns":false,"_jetpack_memberships_contains_paid_content":false,"footnotes":""},"categories":[2,103],"tags":[],"class_list":["post-88689","post","type-post","status-publish","format-standard","has-post-thumbnail","hentry","category-locales","category-policiales-locales"],"aioseo_notices":[],"gutentor_comment":0,"jetpack_featured_media_url":"https:\/\/eldiariodesanpedro.com.ar\/sitio\/wp-content\/uploads\/2021\/03\/WhatsApp-Image-2021-03-06-at-10.31.53.jpeg","jetpack_shortlink":"https:\/\/wp.me\/p6RhLt-n4t","jetpack_sharing_enabled":true,"_links":{"self":[{"href":"https:\/\/eldiariodesanpedro.com.ar\/sitio\/wp-json\/wp\/v2\/posts\/88689","targetHints":{"allow":["GET"]}}],"collection":[{"href":"https:\/\/eldiariodesanpedro.com.ar\/sitio\/wp-json\/wp\/v2\/posts"}],"about":[{"href":"https:\/\/eldiariodesanpedro.com.ar\/sitio\/wp-json\/wp\/v2\/types\/post"}],"author":[{"embeddable":true,"href":"https:\/\/eldiariodesanpedro.com.ar\/sitio\/wp-json\/wp\/v2\/users\/4"}],"replies":[{"embeddable":true,"href":"https:\/\/eldiariodesanpedro.com.ar\/sitio\/wp-json\/wp\/v2\/comments?post=88689"}],"version-history":[{"count":1,"href":"https:\/\/eldiariodesanpedro.com.ar\/sitio\/wp-json\/wp\/v2\/posts\/88689\/revisions"}],"predecessor-version":[{"id":88691,"href":"https:\/\/eldiariodesanpedro.com.ar\/sitio\/wp-json\/wp\/v2\/posts\/88689\/revisions\/88691"}],"wp:featuredmedia":[{"embeddable":true,"href":"https:\/\/eldiariodesanpedro.com.ar\/sitio\/wp-json\/wp\/v2\/media\/88690"}],"wp:attachment":[{"href":"https:\/\/eldiariodesanpedro.com.ar\/sitio\/wp-json\/wp\/v2\/media?parent=88689"}],"wp:term":[{"taxonomy":"category","embeddable":true,"href":"https:\/\/eldiariodesanpedro.com.ar\/sitio\/wp-json\/wp\/v2\/categories?post=88689"},{"taxonomy":"post_tag","embeddable":true,"href":"https:\/\/eldiariodesanpedro.com.ar\/sitio\/wp-json\/wp\/v2\/tags?post=88689"}],"curies":[{"name":"wp","href":"https:\/\/api.w.org\/{rel}","templated":true}]}}