{"id":88687,"date":"2021-03-06T11:54:00","date_gmt":"2021-03-06T14:54:00","guid":{"rendered":"https:\/\/eldiariodesanpedro.com.ar\/sitio\/?p=88687"},"modified":"2021-03-06T12:39:01","modified_gmt":"2021-03-06T15:39:01","slug":"una-mujer-aprehendida-por-atacar-a-su-ex-pareja","status":"publish","type":"post","link":"https:\/\/eldiariodesanpedro.com.ar\/sitio\/una-mujer-aprehendida-por-atacar-a-su-ex-pareja\/","title":{"rendered":"Una mujer aprehendida por atacar a su ex pareja"},"content":{"rendered":"<!-- VideographyWP Plugin Message: Automatic video embedding prevented by plugin options. -->\n\n<p>En la tarde de ayer el personal policial se hizo presente en calle San Lorenzo al 2400 donde se constituye alertado a trav\u00e9s de 911 por un problema familiar, all\u00ed aprehenden a una mujer de 57 a\u00f1os de edad, quien se encontraba en el domicilio de su ex pareja un hombre de 54 a\u00f1os de edad, profiriendo amenazas. tras cumplir recaudos legales recuper\u00f3 su libertad.<\/p>\n","protected":false},"excerpt":{"rendered":"<p>En la tarde de ayer el personal policial se hizo presente en calle San Lorenzo al 2400 donde se constituye alertado a trav\u00e9s de 911 por un problema familiar, all\u00ed aprehenden a una mujer de 57 a\u00f1os de edad, quien se encontraba en el domicilio de su ex pareja un hombre de 54 a\u00f1os de [&hellip;]<\/p>\n","protected":false},"author":4,"featured_media":78843,"comment_status":"open","ping_status":"closed","sticky":false,"template":"","format":"standard","meta":{"om_disable_all_campaigns":false,"_jetpack_memberships_contains_paid_content":false,"footnotes":""},"categories":[2,103],"tags":[],"class_list":["post-88687","post","type-post","status-publish","format-standard","has-post-thumbnail","hentry","category-locales","category-policiales-locales"],"aioseo_notices":[],"gutentor_comment":0,"jetpack_featured_media_url":"https:\/\/eldiariodesanpedro.com.ar\/sitio\/wp-content\/uploads\/2020\/08\/0.jpg","jetpack_shortlink":"https:\/\/wp.me\/p6RhLt-n4r","jetpack_sharing_enabled":true,"_links":{"self":[{"href":"https:\/\/eldiariodesanpedro.com.ar\/sitio\/wp-json\/wp\/v2\/posts\/88687","targetHints":{"allow":["GET"]}}],"collection":[{"href":"https:\/\/eldiariodesanpedro.com.ar\/sitio\/wp-json\/wp\/v2\/posts"}],"about":[{"href":"https:\/\/eldiariodesanpedro.com.ar\/sitio\/wp-json\/wp\/v2\/types\/post"}],"author":[{"embeddable":true,"href":"https:\/\/eldiariodesanpedro.com.ar\/sitio\/wp-json\/wp\/v2\/users\/4"}],"replies":[{"embeddable":true,"href":"https:\/\/eldiariodesanpedro.com.ar\/sitio\/wp-json\/wp\/v2\/comments?post=88687"}],"version-history":[{"count":2,"href":"https:\/\/eldiariodesanpedro.com.ar\/sitio\/wp-json\/wp\/v2\/posts\/88687\/revisions"}],"predecessor-version":[{"id":88701,"href":"https:\/\/eldiariodesanpedro.com.ar\/sitio\/wp-json\/wp\/v2\/posts\/88687\/revisions\/88701"}],"wp:featuredmedia":[{"embeddable":true,"href":"https:\/\/eldiariodesanpedro.com.ar\/sitio\/wp-json\/wp\/v2\/media\/78843"}],"wp:attachment":[{"href":"https:\/\/eldiariodesanpedro.com.ar\/sitio\/wp-json\/wp\/v2\/media?parent=88687"}],"wp:term":[{"taxonomy":"category","embeddable":true,"href":"https:\/\/eldiariodesanpedro.com.ar\/sitio\/wp-json\/wp\/v2\/categories?post=88687"},{"taxonomy":"post_tag","embeddable":true,"href":"https:\/\/eldiariodesanpedro.com.ar\/sitio\/wp-json\/wp\/v2\/tags?post=88687"}],"curies":[{"name":"wp","href":"https:\/\/api.w.org\/{rel}","templated":true}]}}