{"id":88684,"date":"2021-03-05T19:52:18","date_gmt":"2021-03-05T22:52:18","guid":{"rendered":"https:\/\/eldiariodesanpedro.com.ar\/sitio\/?p=88684"},"modified":"2021-03-05T19:52:22","modified_gmt":"2021-03-05T22:52:22","slug":"encuentro-artistico-por-el-dia-internacional-de-la-mujer-en-el-paseo-agenor","status":"publish","type":"post","link":"https:\/\/eldiariodesanpedro.com.ar\/sitio\/encuentro-artistico-por-el-dia-internacional-de-la-mujer-en-el-paseo-agenor\/","title":{"rendered":"Encuentro art\u00edstico por el Dia Internacional de la Mujer en el Paseo Agenor"},"content":{"rendered":"<!-- VideographyWP Plugin Message: Automatic video embedding prevented by plugin options. -->\n\n<p>Este domingo 7 de Marzo anticipamos el 8M en el Paseo Agenor Almada con un encuentro art\u00edstico que tendr\u00e1 diferentes propuestas. Durante toda la tarde habr\u00e1 una feria de emprendedoras y desde las 18 est\u00e1n previstas las presentaciones en vivo de<\/p>\n\n\n\n<p>Ana Prado<br>Alma Azul con Sofi Errecalde<br>Camy Bardey con Reina del Kaoz<\/p>\n\n\n\n<p>Adem\u00e1s quedar\u00e1 inaugurado en el acceso al Paseo un mosaico a cargo de la artista Mariana Maroli y estar\u00e1 trabajando en vivo con una intervenci\u00f3n en la torre del Paseo, la artista Dana Alessi pintando un mural alusivo a la fecha.<\/p>\n\n\n\n<p>Organizan<br>Secretaria de Desarrollo Humano<br>Secretar\u00eda de Turismo<br>Direcci\u00f3n de Cultura<br>Municipalidad de San Pedro<\/p>\n","protected":false},"excerpt":{"rendered":"<p>Este domingo 7 de Marzo anticipamos el 8M en el Paseo Agenor Almada con un encuentro art\u00edstico que tendr\u00e1 diferentes propuestas. Durante toda la tarde habr\u00e1 una feria de emprendedoras y desde las 18 est\u00e1n previstas las presentaciones en vivo de Ana PradoAlma Azul con Sofi ErrecaldeCamy Bardey con Reina del Kaoz Adem\u00e1s quedar\u00e1 inaugurado [&hellip;]<\/p>\n","protected":false},"author":4,"featured_media":88685,"comment_status":"open","ping_status":"closed","sticky":false,"template":"","format":"standard","meta":{"om_disable_all_campaigns":false,"_jetpack_memberships_contains_paid_content":false,"footnotes":""},"categories":[50,101,2],"tags":[],"class_list":["post-88684","post","type-post","status-publish","format-standard","has-post-thumbnail","hentry","category-destacadas","category-interes-general-locales","category-locales"],"aioseo_notices":[],"gutentor_comment":0,"jetpack_featured_media_url":"https:\/\/eldiariodesanpedro.com.ar\/sitio\/wp-content\/uploads\/2021\/03\/6d3ebc3e-6c1e-415e-9360-b49fab37ac4d.jpg","jetpack_shortlink":"https:\/\/wp.me\/p6RhLt-n4o","jetpack_sharing_enabled":true,"_links":{"self":[{"href":"https:\/\/eldiariodesanpedro.com.ar\/sitio\/wp-json\/wp\/v2\/posts\/88684","targetHints":{"allow":["GET"]}}],"collection":[{"href":"https:\/\/eldiariodesanpedro.com.ar\/sitio\/wp-json\/wp\/v2\/posts"}],"about":[{"href":"https:\/\/eldiariodesanpedro.com.ar\/sitio\/wp-json\/wp\/v2\/types\/post"}],"author":[{"embeddable":true,"href":"https:\/\/eldiariodesanpedro.com.ar\/sitio\/wp-json\/wp\/v2\/users\/4"}],"replies":[{"embeddable":true,"href":"https:\/\/eldiariodesanpedro.com.ar\/sitio\/wp-json\/wp\/v2\/comments?post=88684"}],"version-history":[{"count":1,"href":"https:\/\/eldiariodesanpedro.com.ar\/sitio\/wp-json\/wp\/v2\/posts\/88684\/revisions"}],"predecessor-version":[{"id":88686,"href":"https:\/\/eldiariodesanpedro.com.ar\/sitio\/wp-json\/wp\/v2\/posts\/88684\/revisions\/88686"}],"wp:featuredmedia":[{"embeddable":true,"href":"https:\/\/eldiariodesanpedro.com.ar\/sitio\/wp-json\/wp\/v2\/media\/88685"}],"wp:attachment":[{"href":"https:\/\/eldiariodesanpedro.com.ar\/sitio\/wp-json\/wp\/v2\/media?parent=88684"}],"wp:term":[{"taxonomy":"category","embeddable":true,"href":"https:\/\/eldiariodesanpedro.com.ar\/sitio\/wp-json\/wp\/v2\/categories?post=88684"},{"taxonomy":"post_tag","embeddable":true,"href":"https:\/\/eldiariodesanpedro.com.ar\/sitio\/wp-json\/wp\/v2\/tags?post=88684"}],"curies":[{"name":"wp","href":"https:\/\/api.w.org\/{rel}","templated":true}]}}