{"id":88675,"date":"2021-03-05T18:22:24","date_gmt":"2021-03-05T21:22:24","guid":{"rendered":"https:\/\/eldiariodesanpedro.com.ar\/sitio\/?p=88675"},"modified":"2021-03-05T18:22:32","modified_gmt":"2021-03-05T21:22:32","slug":"exposicion-fotografica-miradas-8m","status":"publish","type":"post","link":"https:\/\/eldiariodesanpedro.com.ar\/sitio\/exposicion-fotografica-miradas-8m\/","title":{"rendered":"Exposici\u00f3n fotogr\u00e1fica \u00abMIRADAS\u00bb &#8211; 8M"},"content":{"rendered":"<!-- VideographyWP Plugin Message: Automatic video embedding prevented by plugin options. -->\n\n<p>En el marco del 8M, el Museo Hist\u00f3rico de San Pedro \u00abFray Jos\u00e9 Mar\u00eda Bottaro\u00bb y la Asociaci\u00f3n de Amigos del Centro de Estudios Hist\u00f3ricos de San Pedro organizan la muestra fotogr\u00e1fica \u00abMIRADAS\u00bb &#8211; Mujeres del mundo, la cual podr\u00e1 visitarse durante todos los s\u00e1bados y domingos de marzo en el horario de 10 a 13 y de 16 a 19 h, en la sede del museo, calle 9 de julio 134. Agradecemos a nuestra querida Ana Fioriti por ceder parte de su archivo fotogr\u00e1fico para esta exposici\u00f3n y por poner en palabras la mirada de su ojo fotogr\u00e1fico.<\/p>\n\n\n\n<p>\u00abMi nombre es Ana, por mi mam\u00e1 (a quien apodaban \u201cPinina\u201d). Soy Capricornio por nacimiento, en Buenos Aires. Sampedrina por adopci\u00f3n. De mi madre hered\u00e9 el amor por la lectura y de mi padre la pasi\u00f3n por la fotograf\u00eda. Por consiguiente, estudi\u00e9 literatura y, como hobby, eleg\u00ed la fotograf\u00eda; pero una de mis elecciones personales es viajar, recorrer el mundo, traer conmigo un poco de cada cultura que descubro. Y la c\u00e1mara fotogr\u00e1fica me ayud\u00f3 con ese prop\u00f3sito. Por eso, cada rostro de mujer que obtuve me cuenta una historia diferente, la de cada pueblo del universo en el que m\u00e1gicamente estoy inmersa\u00bb<br><\/p>\n","protected":false},"excerpt":{"rendered":"<p>En el marco del 8M, el Museo Hist\u00f3rico de San Pedro \u00abFray Jos\u00e9 Mar\u00eda Bottaro\u00bb y la Asociaci\u00f3n de Amigos del Centro de Estudios Hist\u00f3ricos de San Pedro organizan la muestra fotogr\u00e1fica \u00abMIRADAS\u00bb &#8211; Mujeres del mundo, la cual podr\u00e1 visitarse durante todos los s\u00e1bados y domingos de marzo en el horario de 10 a [&hellip;]<\/p>\n","protected":false},"author":4,"featured_media":88677,"comment_status":"open","ping_status":"closed","sticky":false,"template":"","format":"standard","meta":{"om_disable_all_campaigns":false,"_jetpack_memberships_contains_paid_content":false,"footnotes":""},"categories":[101,2],"tags":[],"class_list":["post-88675","post","type-post","status-publish","format-standard","has-post-thumbnail","hentry","category-interes-general-locales","category-locales"],"aioseo_notices":[],"gutentor_comment":0,"jetpack_featured_media_url":"https:\/\/eldiariodesanpedro.com.ar\/sitio\/wp-content\/uploads\/2021\/03\/MIRADAS-8M-1.jpg","jetpack_shortlink":"https:\/\/wp.me\/p6RhLt-n4f","jetpack_sharing_enabled":true,"_links":{"self":[{"href":"https:\/\/eldiariodesanpedro.com.ar\/sitio\/wp-json\/wp\/v2\/posts\/88675","targetHints":{"allow":["GET"]}}],"collection":[{"href":"https:\/\/eldiariodesanpedro.com.ar\/sitio\/wp-json\/wp\/v2\/posts"}],"about":[{"href":"https:\/\/eldiariodesanpedro.com.ar\/sitio\/wp-json\/wp\/v2\/types\/post"}],"author":[{"embeddable":true,"href":"https:\/\/eldiariodesanpedro.com.ar\/sitio\/wp-json\/wp\/v2\/users\/4"}],"replies":[{"embeddable":true,"href":"https:\/\/eldiariodesanpedro.com.ar\/sitio\/wp-json\/wp\/v2\/comments?post=88675"}],"version-history":[{"count":1,"href":"https:\/\/eldiariodesanpedro.com.ar\/sitio\/wp-json\/wp\/v2\/posts\/88675\/revisions"}],"predecessor-version":[{"id":88678,"href":"https:\/\/eldiariodesanpedro.com.ar\/sitio\/wp-json\/wp\/v2\/posts\/88675\/revisions\/88678"}],"wp:featuredmedia":[{"embeddable":true,"href":"https:\/\/eldiariodesanpedro.com.ar\/sitio\/wp-json\/wp\/v2\/media\/88677"}],"wp:attachment":[{"href":"https:\/\/eldiariodesanpedro.com.ar\/sitio\/wp-json\/wp\/v2\/media?parent=88675"}],"wp:term":[{"taxonomy":"category","embeddable":true,"href":"https:\/\/eldiariodesanpedro.com.ar\/sitio\/wp-json\/wp\/v2\/categories?post=88675"},{"taxonomy":"post_tag","embeddable":true,"href":"https:\/\/eldiariodesanpedro.com.ar\/sitio\/wp-json\/wp\/v2\/tags?post=88675"}],"curies":[{"name":"wp","href":"https:\/\/api.w.org\/{rel}","templated":true}]}}