{"id":88672,"date":"2021-03-05T13:23:56","date_gmt":"2021-03-05T16:23:56","guid":{"rendered":"https:\/\/eldiariodesanpedro.com.ar\/sitio\/?p=88672"},"modified":"2021-03-05T13:24:00","modified_gmt":"2021-03-05T16:24:00","slug":"campana-mujer-dio-a-luz-en-su-casa-con-ayuda-policial","status":"publish","type":"post","link":"https:\/\/eldiariodesanpedro.com.ar\/sitio\/campana-mujer-dio-a-luz-en-su-casa-con-ayuda-policial\/","title":{"rendered":"CAMPANA | Mujer dio a luz en su casa con ayuda policial"},"content":{"rendered":"<!-- VideographyWP Plugin Message: Automatic video embedding prevented by plugin options. -->\n\n<p>Fue en el barrio Las Acacias. Al llegar los efectivos del Comando Patrulla, encontraron a la parturienta con una importante p\u00e9rdida de sangre. Tras el nacimiento, fue trasladada de urgencia por los uniformados al Hospital.<\/p>\n\n\n\n<p>Un repentino nacimiento requiri\u00f3 de ayuda policial luego que la parturienta sufriera complicaciones que pusieron en riesgo su vida.<\/p>\n\n\n\n<p>El hecho ocurri\u00f3 en una vivienda de Chiclana al 2200, del barrio Las Acacias. Ante las dificultades del imprevisto parto, los oficiales Gonzales y Peledrotti del Comando Patrulla encontraron a la mujer de 29 a\u00f1os edad que reci\u00e9n hab\u00eda dado a luz a su hijo, pero presentaba una importante hemorragia.<\/p>\n\n\n\n<p>La mam\u00e1, identificada como Luisa Isabel Maidana, fue trasladada de urgencia por los uniformados junto a su beb\u00e9 y acompa\u00f1ada de un familiar, al Hospital San Jos\u00e9.<\/p>\n\n\n\n<p>Luego de ser estabilizada en el sector de urgencias, la mam\u00e1 se recupera y el reci\u00e9n nacido se encuentra en buen estado de salud, expresaron fuentes del nosocomio.<\/p>\n\n\n\n<p><\/p>\n","protected":false},"excerpt":{"rendered":"<p>Fue en el barrio Las Acacias. Al llegar los efectivos del Comando Patrulla, encontraron a la parturienta con una importante p\u00e9rdida de sangre. Tras el nacimiento, fue trasladada de urgencia por los uniformados al Hospital. Un repentino nacimiento requiri\u00f3 de ayuda policial luego que la parturienta sufriera complicaciones que pusieron en riesgo su vida. El [&hellip;]<\/p>\n","protected":false},"author":4,"featured_media":88673,"comment_status":"open","ping_status":"closed","sticky":false,"template":"","format":"standard","meta":{"om_disable_all_campaigns":false,"_jetpack_memberships_contains_paid_content":false,"footnotes":""},"categories":[621],"tags":[],"class_list":["post-88672","post","type-post","status-publish","format-standard","has-post-thumbnail","hentry","category-regionales"],"aioseo_notices":[],"gutentor_comment":0,"jetpack_featured_media_url":"https:\/\/eldiariodesanpedro.com.ar\/sitio\/wp-content\/uploads\/2021\/03\/20210304054056.jpeg","jetpack_shortlink":"https:\/\/wp.me\/p6RhLt-n4c","jetpack_sharing_enabled":true,"_links":{"self":[{"href":"https:\/\/eldiariodesanpedro.com.ar\/sitio\/wp-json\/wp\/v2\/posts\/88672","targetHints":{"allow":["GET"]}}],"collection":[{"href":"https:\/\/eldiariodesanpedro.com.ar\/sitio\/wp-json\/wp\/v2\/posts"}],"about":[{"href":"https:\/\/eldiariodesanpedro.com.ar\/sitio\/wp-json\/wp\/v2\/types\/post"}],"author":[{"embeddable":true,"href":"https:\/\/eldiariodesanpedro.com.ar\/sitio\/wp-json\/wp\/v2\/users\/4"}],"replies":[{"embeddable":true,"href":"https:\/\/eldiariodesanpedro.com.ar\/sitio\/wp-json\/wp\/v2\/comments?post=88672"}],"version-history":[{"count":1,"href":"https:\/\/eldiariodesanpedro.com.ar\/sitio\/wp-json\/wp\/v2\/posts\/88672\/revisions"}],"predecessor-version":[{"id":88674,"href":"https:\/\/eldiariodesanpedro.com.ar\/sitio\/wp-json\/wp\/v2\/posts\/88672\/revisions\/88674"}],"wp:featuredmedia":[{"embeddable":true,"href":"https:\/\/eldiariodesanpedro.com.ar\/sitio\/wp-json\/wp\/v2\/media\/88673"}],"wp:attachment":[{"href":"https:\/\/eldiariodesanpedro.com.ar\/sitio\/wp-json\/wp\/v2\/media?parent=88672"}],"wp:term":[{"taxonomy":"category","embeddable":true,"href":"https:\/\/eldiariodesanpedro.com.ar\/sitio\/wp-json\/wp\/v2\/categories?post=88672"},{"taxonomy":"post_tag","embeddable":true,"href":"https:\/\/eldiariodesanpedro.com.ar\/sitio\/wp-json\/wp\/v2\/tags?post=88672"}],"curies":[{"name":"wp","href":"https:\/\/api.w.org\/{rel}","templated":true}]}}