{"id":88666,"date":"2021-03-05T13:14:09","date_gmt":"2021-03-05T16:14:09","guid":{"rendered":"https:\/\/eldiariodesanpedro.com.ar\/sitio\/?p=88666"},"modified":"2021-03-05T13:14:12","modified_gmt":"2021-03-05T16:14:12","slug":"ramallo-arrebeef-no-se-cierra-masiva-marcha-en-perez-millan","status":"publish","type":"post","link":"https:\/\/eldiariodesanpedro.com.ar\/sitio\/ramallo-arrebeef-no-se-cierra-masiva-marcha-en-perez-millan\/","title":{"rendered":"RAMALLO | \u00abArreBeef no se cierra\u00bb: masiva marcha en P\u00e9rez Mill\u00e1n"},"content":{"rendered":"<!-- VideographyWP Plugin Message: Automatic video embedding prevented by plugin options. -->\n\n<p>M\u00e1s de tres mil personas marcharon este mi\u00e9rcoles por las calles de P\u00e9rez Mill\u00e1n en apoyo a los trabajadores del frigor\u00edfico ArreBeef, bajo la consigna \u201cNo se cierra\u201d.<\/p>\n\n\n\n<p>La convocatoria surgi\u00f3 de comerciantes y vecinos a trav\u00e9s de las redes sociales, y r\u00e1pidamente conto con el apoyo de la mayor\u00eda de pueblo. Inici\u00f3 cerca de las 18 horas en la plaza principal y de all\u00ed marcharon hacia el acampe frente a la puerta de la planta.<\/p>\n\n\n\n<p>En el lugar hubo c\u00e1nticos y algunos oradores que puntualizaron en la pronta soluci\u00f3n del conflicto y que vuelva a abrir el frigor\u00edfico. Luego finalizaron cantando el Himno Nacional.<\/p>\n\n\n\n<p>Cabe destacar que el 85 por ciento de la actividad econ\u00f3mica de la localidad de P\u00e9rez Mill\u00e1n gira directa o indirectamente alrededor del frigor\u00edfico.<\/p>\n\n\n\n<p>Fuente: <a href=\"http:\/\/www.ramallociudad.com.ar\/nota.asp?id=162335&amp;t=ArreBeef-no-se-cierra-masiva-marcha-en-Perez-Millan\">Ramallo Ciudad<\/a><\/p>\n","protected":false},"excerpt":{"rendered":"<p>M\u00e1s de tres mil personas marcharon este mi\u00e9rcoles por las calles de P\u00e9rez Mill\u00e1n en apoyo a los trabajadores del frigor\u00edfico ArreBeef, bajo la consigna \u201cNo se cierra\u201d. La convocatoria surgi\u00f3 de comerciantes y vecinos a trav\u00e9s de las redes sociales, y r\u00e1pidamente conto con el apoyo de la mayor\u00eda de pueblo. Inici\u00f3 cerca de [&hellip;]<\/p>\n","protected":false},"author":4,"featured_media":88667,"comment_status":"open","ping_status":"closed","sticky":false,"template":"","format":"standard","meta":{"om_disable_all_campaigns":false,"_jetpack_memberships_contains_paid_content":false,"footnotes":""},"categories":[621],"tags":[],"class_list":["post-88666","post","type-post","status-publish","format-standard","has-post-thumbnail","hentry","category-regionales"],"aioseo_notices":[],"gutentor_comment":0,"jetpack_featured_media_url":"https:\/\/eldiariodesanpedro.com.ar\/sitio\/wp-content\/uploads\/2021\/03\/bbx_74047830_1_Marcha.jpg","jetpack_shortlink":"https:\/\/wp.me\/p6RhLt-n46","jetpack_sharing_enabled":true,"_links":{"self":[{"href":"https:\/\/eldiariodesanpedro.com.ar\/sitio\/wp-json\/wp\/v2\/posts\/88666","targetHints":{"allow":["GET"]}}],"collection":[{"href":"https:\/\/eldiariodesanpedro.com.ar\/sitio\/wp-json\/wp\/v2\/posts"}],"about":[{"href":"https:\/\/eldiariodesanpedro.com.ar\/sitio\/wp-json\/wp\/v2\/types\/post"}],"author":[{"embeddable":true,"href":"https:\/\/eldiariodesanpedro.com.ar\/sitio\/wp-json\/wp\/v2\/users\/4"}],"replies":[{"embeddable":true,"href":"https:\/\/eldiariodesanpedro.com.ar\/sitio\/wp-json\/wp\/v2\/comments?post=88666"}],"version-history":[{"count":1,"href":"https:\/\/eldiariodesanpedro.com.ar\/sitio\/wp-json\/wp\/v2\/posts\/88666\/revisions"}],"predecessor-version":[{"id":88668,"href":"https:\/\/eldiariodesanpedro.com.ar\/sitio\/wp-json\/wp\/v2\/posts\/88666\/revisions\/88668"}],"wp:featuredmedia":[{"embeddable":true,"href":"https:\/\/eldiariodesanpedro.com.ar\/sitio\/wp-json\/wp\/v2\/media\/88667"}],"wp:attachment":[{"href":"https:\/\/eldiariodesanpedro.com.ar\/sitio\/wp-json\/wp\/v2\/media?parent=88666"}],"wp:term":[{"taxonomy":"category","embeddable":true,"href":"https:\/\/eldiariodesanpedro.com.ar\/sitio\/wp-json\/wp\/v2\/categories?post=88666"},{"taxonomy":"post_tag","embeddable":true,"href":"https:\/\/eldiariodesanpedro.com.ar\/sitio\/wp-json\/wp\/v2\/tags?post=88666"}],"curies":[{"name":"wp","href":"https:\/\/api.w.org\/{rel}","templated":true}]}}