{"id":88663,"date":"2021-03-05T13:05:02","date_gmt":"2021-03-05T16:05:02","guid":{"rendered":"https:\/\/eldiariodesanpedro.com.ar\/sitio\/?p=88663"},"modified":"2021-03-05T13:05:07","modified_gmt":"2021-03-05T16:05:07","slug":"san-nicolas-aberrante-detienen-al-padre-de-un-nino-de-2-anos-acusado-de-abusarlo-sexualmente","status":"publish","type":"post","link":"https:\/\/eldiariodesanpedro.com.ar\/sitio\/san-nicolas-aberrante-detienen-al-padre-de-un-nino-de-2-anos-acusado-de-abusarlo-sexualmente\/","title":{"rendered":"SAN NICOL\u00c1S | Aberrante: Detienen al padre de un ni\u00f1o de 2 a\u00f1os acusado de abusarlo sexualmente"},"content":{"rendered":"<!-- VideographyWP Plugin Message: Automatic video embedding prevented by plugin options. -->\n\n<p>D\u00edas atr\u00e1s fue sentada en sede policial, una denuncia la cual involucra al padre de un ni\u00f1o de 2 a\u00f1os; quien ingres\u00f3 a la guardia del hospital San Felipe junto a su madre, con indicios de haber sido accedido sexualmente presentando un cuadro de contagio de s\u00edfilis.<br><br>Tras estudios realizados confirmaron que su padre lo hab\u00eda violado y adem\u00e1s contagi\u00f3 la enfermedad de transmisi\u00f3n sexual antes mencionada.<br><br>En horas de la tarde de jueves, un grupo operativo de la DDI San Nicol\u00e1s abocados a la investigaci\u00f3n, logran la aprehensi\u00f3n del sindicado como autor, padre del menor, de nacionalidad colombiana.<br><br>La diligencia se concret\u00f3 en Av Savio al 800. El detenido tiene 34 a\u00f1os y est\u00e1 acusado de Abuso sexual con acceso carnal reiterado.<br><br>Interviene la fiscal Dra. Franca Padulo de la UFI N\u00ba 2 del Departamento Judicial San Nicol\u00e1s, quien aval\u00f3 lo actuado y dispuso para con el detenido recaudos legales de rigor.<\/p>\n\n\n\n<p>Fuente: <a href=\"http:\/\/www.diarioelinformante.com.ar\/nota-60852_aberrante-detienen-al-padre-de-un-nio-de-2-aos-acusado-de-abusarlo-sexualmente-#\">Diario El Informante<\/a><\/p>\n","protected":false},"excerpt":{"rendered":"<p>D\u00edas atr\u00e1s fue sentada en sede policial, una denuncia la cual involucra al padre de un ni\u00f1o de 2 a\u00f1os; quien ingres\u00f3 a la guardia del hospital San Felipe junto a su madre, con indicios de haber sido accedido sexualmente presentando un cuadro de contagio de s\u00edfilis. Tras estudios realizados confirmaron que su padre lo [&hellip;]<\/p>\n","protected":false},"author":4,"featured_media":88664,"comment_status":"open","ping_status":"closed","sticky":false,"template":"","format":"standard","meta":{"om_disable_all_campaigns":false,"_jetpack_memberships_contains_paid_content":false,"footnotes":""},"categories":[621],"tags":[],"class_list":["post-88663","post","type-post","status-publish","format-standard","has-post-thumbnail","hentry","category-regionales"],"aioseo_notices":[],"gutentor_comment":0,"jetpack_featured_media_url":"https:\/\/eldiariodesanpedro.com.ar\/sitio\/wp-content\/uploads\/2021\/03\/conmarca30221.jpg","jetpack_shortlink":"https:\/\/wp.me\/p6RhLt-n43","jetpack_sharing_enabled":true,"_links":{"self":[{"href":"https:\/\/eldiariodesanpedro.com.ar\/sitio\/wp-json\/wp\/v2\/posts\/88663","targetHints":{"allow":["GET"]}}],"collection":[{"href":"https:\/\/eldiariodesanpedro.com.ar\/sitio\/wp-json\/wp\/v2\/posts"}],"about":[{"href":"https:\/\/eldiariodesanpedro.com.ar\/sitio\/wp-json\/wp\/v2\/types\/post"}],"author":[{"embeddable":true,"href":"https:\/\/eldiariodesanpedro.com.ar\/sitio\/wp-json\/wp\/v2\/users\/4"}],"replies":[{"embeddable":true,"href":"https:\/\/eldiariodesanpedro.com.ar\/sitio\/wp-json\/wp\/v2\/comments?post=88663"}],"version-history":[{"count":1,"href":"https:\/\/eldiariodesanpedro.com.ar\/sitio\/wp-json\/wp\/v2\/posts\/88663\/revisions"}],"predecessor-version":[{"id":88665,"href":"https:\/\/eldiariodesanpedro.com.ar\/sitio\/wp-json\/wp\/v2\/posts\/88663\/revisions\/88665"}],"wp:featuredmedia":[{"embeddable":true,"href":"https:\/\/eldiariodesanpedro.com.ar\/sitio\/wp-json\/wp\/v2\/media\/88664"}],"wp:attachment":[{"href":"https:\/\/eldiariodesanpedro.com.ar\/sitio\/wp-json\/wp\/v2\/media?parent=88663"}],"wp:term":[{"taxonomy":"category","embeddable":true,"href":"https:\/\/eldiariodesanpedro.com.ar\/sitio\/wp-json\/wp\/v2\/categories?post=88663"},{"taxonomy":"post_tag","embeddable":true,"href":"https:\/\/eldiariodesanpedro.com.ar\/sitio\/wp-json\/wp\/v2\/tags?post=88663"}],"curies":[{"name":"wp","href":"https:\/\/api.w.org\/{rel}","templated":true}]}}