{"id":88660,"date":"2021-03-05T12:49:12","date_gmt":"2021-03-05T15:49:12","guid":{"rendered":"https:\/\/eldiariodesanpedro.com.ar\/sitio\/?p=88660"},"modified":"2021-03-05T13:20:04","modified_gmt":"2021-03-05T16:20:04","slug":"el-acoplado-de-un-camion-que-transportaba-pastas-de-celulosa-volco-en-ruta-1001","status":"publish","type":"post","link":"https:\/\/eldiariodesanpedro.com.ar\/sitio\/el-acoplado-de-un-camion-que-transportaba-pastas-de-celulosa-volco-en-ruta-1001\/","title":{"rendered":"El acoplado de un cami\u00f3n que transportaba pastas de celulosa volc\u00f3 en ruta 1001"},"content":{"rendered":"<!-- VideographyWP Plugin Message: Automatic video embedding prevented by plugin options. -->\n\n<p>Esta ma\u00f1ana de viernes en horas antes del mediod\u00eda un cami\u00f3n que circulaba en direcci\u00f3n de acceso a nuestra ciudad pierde el control del acoplado volcando sobre la cinta asf\u00e1ltica.<\/p>\n\n\n\n<p>El siniestro ocurri\u00f3 en ruta 1001 a pocos metro del acceso a la localidad de R\u00edo Tala donde un cami\u00f3n marca Mercedez 1114 conducido por un ciudadano de 37 a\u00f1os oriundo de la localidad de Z\u00e1rate por motivos que se tratan de establecer pierde el control de su acoplado y termina volcando sobre la cinta asf\u00e1ltica, cayendo su carga de Celulosa de Papel que tenia destino una de las fabricas de nuestra ciudad.  <\/p>\n\n\n\n<p>Afortunadamente al momento del vuelco el camion circulaba solo por la ruta y no estuvo involucrado ningun otro vehiculo y el chofer resulto ileso.<\/p>\n\n\n\n<p>Tras trabajos de vecinos de la zona que colaboraron con dos auto elevadores para levantar la carga se pudo liberar la ruta.<\/p>\n","protected":false},"excerpt":{"rendered":"<p>Esta ma\u00f1ana de viernes en horas antes del mediod\u00eda un cami\u00f3n que circulaba en direcci\u00f3n de acceso a nuestra ciudad pierde el control del acoplado volcando sobre la cinta asf\u00e1ltica. El siniestro ocurri\u00f3 en ruta 1001 a pocos metro del acceso a la localidad de R\u00edo Tala donde un cami\u00f3n marca Mercedez 1114 conducido por [&hellip;]<\/p>\n","protected":false},"author":4,"featured_media":88661,"comment_status":"open","ping_status":"closed","sticky":false,"template":"","format":"standard","meta":{"om_disable_all_campaigns":false,"_jetpack_memberships_contains_paid_content":false,"footnotes":""},"categories":[50,2,103],"tags":[],"class_list":["post-88660","post","type-post","status-publish","format-standard","has-post-thumbnail","hentry","category-destacadas","category-locales","category-policiales-locales"],"aioseo_notices":[],"gutentor_comment":0,"jetpack_featured_media_url":"https:\/\/eldiariodesanpedro.com.ar\/sitio\/wp-content\/uploads\/2021\/03\/157153805_1512121995663601_1916894397102570116_o.jpg","jetpack_shortlink":"https:\/\/wp.me\/p6RhLt-n40","jetpack_sharing_enabled":true,"_links":{"self":[{"href":"https:\/\/eldiariodesanpedro.com.ar\/sitio\/wp-json\/wp\/v2\/posts\/88660","targetHints":{"allow":["GET"]}}],"collection":[{"href":"https:\/\/eldiariodesanpedro.com.ar\/sitio\/wp-json\/wp\/v2\/posts"}],"about":[{"href":"https:\/\/eldiariodesanpedro.com.ar\/sitio\/wp-json\/wp\/v2\/types\/post"}],"author":[{"embeddable":true,"href":"https:\/\/eldiariodesanpedro.com.ar\/sitio\/wp-json\/wp\/v2\/users\/4"}],"replies":[{"embeddable":true,"href":"https:\/\/eldiariodesanpedro.com.ar\/sitio\/wp-json\/wp\/v2\/comments?post=88660"}],"version-history":[{"count":3,"href":"https:\/\/eldiariodesanpedro.com.ar\/sitio\/wp-json\/wp\/v2\/posts\/88660\/revisions"}],"predecessor-version":[{"id":88671,"href":"https:\/\/eldiariodesanpedro.com.ar\/sitio\/wp-json\/wp\/v2\/posts\/88660\/revisions\/88671"}],"wp:featuredmedia":[{"embeddable":true,"href":"https:\/\/eldiariodesanpedro.com.ar\/sitio\/wp-json\/wp\/v2\/media\/88661"}],"wp:attachment":[{"href":"https:\/\/eldiariodesanpedro.com.ar\/sitio\/wp-json\/wp\/v2\/media?parent=88660"}],"wp:term":[{"taxonomy":"category","embeddable":true,"href":"https:\/\/eldiariodesanpedro.com.ar\/sitio\/wp-json\/wp\/v2\/categories?post=88660"},{"taxonomy":"post_tag","embeddable":true,"href":"https:\/\/eldiariodesanpedro.com.ar\/sitio\/wp-json\/wp\/v2\/tags?post=88660"}],"curies":[{"name":"wp","href":"https:\/\/api.w.org\/{rel}","templated":true}]}}