{"id":88657,"date":"2021-03-05T11:39:01","date_gmt":"2021-03-05T14:39:01","guid":{"rendered":"https:\/\/eldiariodesanpedro.com.ar\/sitio\/?p=88657"},"modified":"2021-03-05T11:39:02","modified_gmt":"2021-03-05T14:39:02","slug":"arrecifes-detuvieron-a-morosine-acusado-de-matar-a-la-beba-de-5-meses-de-gestacion","status":"publish","type":"post","link":"https:\/\/eldiariodesanpedro.com.ar\/sitio\/arrecifes-detuvieron-a-morosine-acusado-de-matar-a-la-beba-de-5-meses-de-gestacion\/","title":{"rendered":"ARRECIFES | Detuvieron a Morosine acusado de matar a la beba de 5 meses de gestaci\u00f3n"},"content":{"rendered":"<!-- VideographyWP Plugin Message: Automatic video embedding prevented by plugin options. -->\n\n<p>La Polic\u00eda de Arrecifes volvi\u00f3 a detener anoche a Ariel Morosine, el acusado de provocar la muerte de Keila, la beba en gestaci\u00f3n de cinco meses, al golpear a su pareja embarazada.<\/p>\n\n\n\n<p>La captura se produjo en momentos en que la numerosa manifestaci\u00f3n, que se concentr\u00f3 frente a la Comisar\u00eda y luego se traslad\u00f3 a una vivienda de calle Ocariz casi Dorrego intentando dar con el agresor, hab\u00eda llegado a las puertas del Comit\u00e9 de la UCR, donde se encontraban funcionarios municipales.<\/p>\n\n\n\n<p>Morosine fue capturado en un domicilio de calle Santiago H. P\u00e9rez al 200 (casi Moreno, a la vuelta del Comit\u00e9) aproximadamente a las 21:00.<\/p>\n\n\n\n<p>De inmediato se lo traslad\u00f3 a una Comisar\u00eda de la zona a la espera de ordenes judiciales.<\/p>\n\n\n\n<p>Fuente: <a href=\"https:\/\/arrecifesnoticias.com\/policiales\/detuvieron-a-morosine\/\">Arrecifes Noticias<\/a><\/p>\n\n\n\n<p><a rel=\"noreferrer noopener\" href=\"https:\/\/www.facebook.com\/dialog\/send?app_id=140586622674265&amp;link=https%3A%2F%2Farrecifesnoticias.com%2Fpoliciales%2Fdetuvieron-a-morosine%2F&amp;redirect_uri=https%3A%2F%2Farrecifesnoticias.com%2Fpoliciales%2Fdetuvieron-a-morosine%2F\" target=\"_blank\"><\/a><\/p>\n","protected":false},"excerpt":{"rendered":"<p>La Polic\u00eda de Arrecifes volvi\u00f3 a detener anoche a Ariel Morosine, el acusado de provocar la muerte de Keila, la beba en gestaci\u00f3n de cinco meses, al golpear a su pareja embarazada. La captura se produjo en momentos en que la numerosa manifestaci\u00f3n, que se concentr\u00f3 frente a la Comisar\u00eda y luego se traslad\u00f3 a [&hellip;]<\/p>\n","protected":false},"author":4,"featured_media":88658,"comment_status":"open","ping_status":"closed","sticky":false,"template":"","format":"standard","meta":{"om_disable_all_campaigns":false,"_jetpack_memberships_contains_paid_content":false,"footnotes":""},"categories":[621],"tags":[],"class_list":["post-88657","post","type-post","status-publish","format-standard","has-post-thumbnail","hentry","category-regionales"],"aioseo_notices":[],"gutentor_comment":0,"jetpack_featured_media_url":"https:\/\/eldiariodesanpedro.com.ar\/sitio\/wp-content\/uploads\/2021\/03\/Detencion-Morosine-696x510-1.jpg","jetpack_shortlink":"https:\/\/wp.me\/p6RhLt-n3X","jetpack_sharing_enabled":true,"_links":{"self":[{"href":"https:\/\/eldiariodesanpedro.com.ar\/sitio\/wp-json\/wp\/v2\/posts\/88657","targetHints":{"allow":["GET"]}}],"collection":[{"href":"https:\/\/eldiariodesanpedro.com.ar\/sitio\/wp-json\/wp\/v2\/posts"}],"about":[{"href":"https:\/\/eldiariodesanpedro.com.ar\/sitio\/wp-json\/wp\/v2\/types\/post"}],"author":[{"embeddable":true,"href":"https:\/\/eldiariodesanpedro.com.ar\/sitio\/wp-json\/wp\/v2\/users\/4"}],"replies":[{"embeddable":true,"href":"https:\/\/eldiariodesanpedro.com.ar\/sitio\/wp-json\/wp\/v2\/comments?post=88657"}],"version-history":[{"count":1,"href":"https:\/\/eldiariodesanpedro.com.ar\/sitio\/wp-json\/wp\/v2\/posts\/88657\/revisions"}],"predecessor-version":[{"id":88659,"href":"https:\/\/eldiariodesanpedro.com.ar\/sitio\/wp-json\/wp\/v2\/posts\/88657\/revisions\/88659"}],"wp:featuredmedia":[{"embeddable":true,"href":"https:\/\/eldiariodesanpedro.com.ar\/sitio\/wp-json\/wp\/v2\/media\/88658"}],"wp:attachment":[{"href":"https:\/\/eldiariodesanpedro.com.ar\/sitio\/wp-json\/wp\/v2\/media?parent=88657"}],"wp:term":[{"taxonomy":"category","embeddable":true,"href":"https:\/\/eldiariodesanpedro.com.ar\/sitio\/wp-json\/wp\/v2\/categories?post=88657"},{"taxonomy":"post_tag","embeddable":true,"href":"https:\/\/eldiariodesanpedro.com.ar\/sitio\/wp-json\/wp\/v2\/tags?post=88657"}],"curies":[{"name":"wp","href":"https:\/\/api.w.org\/{rel}","templated":true}]}}