{"id":88655,"date":"2021-03-05T11:34:49","date_gmt":"2021-03-05T14:34:49","guid":{"rendered":"https:\/\/eldiariodesanpedro.com.ar\/sitio\/?p=88655"},"modified":"2021-03-05T11:34:50","modified_gmt":"2021-03-05T14:34:50","slug":"dos-aprehendidos-por-tenencia-de-estupefacientes-5","status":"publish","type":"post","link":"https:\/\/eldiariodesanpedro.com.ar\/sitio\/dos-aprehendidos-por-tenencia-de-estupefacientes-5\/","title":{"rendered":"Dos aprehendidos por tenencia de estupefacientes"},"content":{"rendered":"<!-- VideographyWP Plugin Message: Automatic video embedding prevented by plugin options. -->\n\n<p>Durante la jornada de jueves la polic\u00eda realiz\u00f3 la aprehensi\u00f3n de dos ciudadanos los cuales se encontraban violando la ley con tenencia de estupefacientes.<strong>&nbsp;<\/strong><\/p>\n\n\n\n<p>En la tarde de ayer el personal policial de la comisar\u00eda en calle J. Rivero esquina&nbsp; F. Quiroga , en la v\u00eda p\u00fablica, traslada a masculino de 26 a\u00f1os de edad, a quien se le secuestr\u00f3 en su poder un envoltorio de nylon conteniendo sustancia marihuana. &nbsp;Otro procedimiento similar se realiz\u00f3 en horas de la noche de ayer en calle G\u00fcemes y Bottaro traslada a masculino de 20 a\u00f1os de edad, a quien se le secuestr\u00f3 en su poder un cigarrillo armado con sustancia marihuana.<\/p>\n","protected":false},"excerpt":{"rendered":"<p>Durante la jornada de jueves la polic\u00eda realiz\u00f3 la aprehensi\u00f3n de dos ciudadanos los cuales se encontraban violando la ley con tenencia de estupefacientes.&nbsp; En la tarde de ayer el personal policial de la comisar\u00eda en calle J. Rivero esquina&nbsp; F. Quiroga , en la v\u00eda p\u00fablica, traslada a masculino de 26 a\u00f1os de edad, [&hellip;]<\/p>\n","protected":false},"author":4,"featured_media":74147,"comment_status":"open","ping_status":"closed","sticky":false,"template":"","format":"standard","meta":{"om_disable_all_campaigns":false,"_jetpack_memberships_contains_paid_content":false,"footnotes":""},"categories":[2,103],"tags":[],"class_list":["post-88655","post","type-post","status-publish","format-standard","has-post-thumbnail","hentry","category-locales","category-policiales-locales"],"aioseo_notices":[],"gutentor_comment":0,"jetpack_featured_media_url":"https:\/\/eldiariodesanpedro.com.ar\/sitio\/wp-content\/uploads\/2020\/05\/detenido.jpg","jetpack_shortlink":"https:\/\/wp.me\/p6RhLt-n3V","jetpack_sharing_enabled":true,"_links":{"self":[{"href":"https:\/\/eldiariodesanpedro.com.ar\/sitio\/wp-json\/wp\/v2\/posts\/88655","targetHints":{"allow":["GET"]}}],"collection":[{"href":"https:\/\/eldiariodesanpedro.com.ar\/sitio\/wp-json\/wp\/v2\/posts"}],"about":[{"href":"https:\/\/eldiariodesanpedro.com.ar\/sitio\/wp-json\/wp\/v2\/types\/post"}],"author":[{"embeddable":true,"href":"https:\/\/eldiariodesanpedro.com.ar\/sitio\/wp-json\/wp\/v2\/users\/4"}],"replies":[{"embeddable":true,"href":"https:\/\/eldiariodesanpedro.com.ar\/sitio\/wp-json\/wp\/v2\/comments?post=88655"}],"version-history":[{"count":1,"href":"https:\/\/eldiariodesanpedro.com.ar\/sitio\/wp-json\/wp\/v2\/posts\/88655\/revisions"}],"predecessor-version":[{"id":88656,"href":"https:\/\/eldiariodesanpedro.com.ar\/sitio\/wp-json\/wp\/v2\/posts\/88655\/revisions\/88656"}],"wp:featuredmedia":[{"embeddable":true,"href":"https:\/\/eldiariodesanpedro.com.ar\/sitio\/wp-json\/wp\/v2\/media\/74147"}],"wp:attachment":[{"href":"https:\/\/eldiariodesanpedro.com.ar\/sitio\/wp-json\/wp\/v2\/media?parent=88655"}],"wp:term":[{"taxonomy":"category","embeddable":true,"href":"https:\/\/eldiariodesanpedro.com.ar\/sitio\/wp-json\/wp\/v2\/categories?post=88655"},{"taxonomy":"post_tag","embeddable":true,"href":"https:\/\/eldiariodesanpedro.com.ar\/sitio\/wp-json\/wp\/v2\/tags?post=88655"}],"curies":[{"name":"wp","href":"https:\/\/api.w.org\/{rel}","templated":true}]}}