{"id":88652,"date":"2021-03-05T11:25:55","date_gmt":"2021-03-05T14:25:55","guid":{"rendered":"https:\/\/eldiariodesanpedro.com.ar\/sitio\/?p=88652"},"modified":"2021-03-05T11:26:00","modified_gmt":"2021-03-05T14:26:00","slug":"joven-denuncio-ser-atacado-por-otro-con-un-arma-blanca","status":"publish","type":"post","link":"https:\/\/eldiariodesanpedro.com.ar\/sitio\/joven-denuncio-ser-atacado-por-otro-con-un-arma-blanca\/","title":{"rendered":"Joven denuncio ser atacado por otro con un arma blanca"},"content":{"rendered":"<!-- VideographyWP Plugin Message: Automatic video embedding prevented by plugin options. -->\n\n<p>Ayer en la comisar\u00eda local se recibi\u00f3 la denuncia de un joven de 17 a\u00f1os, que relata que el pasado d\u00eda lunes en horas de la tarde encontr\u00e1ndose cerca de su domicilio ubicado en Miguel Porta y Nieto de Torres, fue abordado por dos sujetos que reconoce, quienes tras provocarlo, lo agredieron f\u00edsicamente, lesionando.&nbsp;<\/p>\n\n\n\n<p>El joven recibi\u00f3 cortes como de arma blanca en los miembros superiores, de car\u00e1cter leves. se investiga con intervenci\u00f3n de la justicia local<\/p>\n","protected":false},"excerpt":{"rendered":"<p>Ayer en la comisar\u00eda local se recibi\u00f3 la denuncia de un joven de 17 a\u00f1os, que relata que el pasado d\u00eda lunes en horas de la tarde encontr\u00e1ndose cerca de su domicilio ubicado en Miguel Porta y Nieto de Torres, fue abordado por dos sujetos que reconoce, quienes tras provocarlo, lo agredieron f\u00edsicamente, lesionando.&nbsp; El [&hellip;]<\/p>\n","protected":false},"author":4,"featured_media":45394,"comment_status":"open","ping_status":"closed","sticky":false,"template":"","format":"standard","meta":{"om_disable_all_campaigns":false,"_jetpack_memberships_contains_paid_content":false,"footnotes":""},"categories":[2,103],"tags":[],"class_list":["post-88652","post","type-post","status-publish","format-standard","has-post-thumbnail","hentry","category-locales","category-policiales-locales"],"aioseo_notices":[],"gutentor_comment":0,"jetpack_featured_media_url":"https:\/\/eldiariodesanpedro.com.ar\/sitio\/wp-content\/uploads\/2019\/01\/comisaria.jpg","jetpack_shortlink":"https:\/\/wp.me\/p6RhLt-n3S","jetpack_sharing_enabled":true,"_links":{"self":[{"href":"https:\/\/eldiariodesanpedro.com.ar\/sitio\/wp-json\/wp\/v2\/posts\/88652","targetHints":{"allow":["GET"]}}],"collection":[{"href":"https:\/\/eldiariodesanpedro.com.ar\/sitio\/wp-json\/wp\/v2\/posts"}],"about":[{"href":"https:\/\/eldiariodesanpedro.com.ar\/sitio\/wp-json\/wp\/v2\/types\/post"}],"author":[{"embeddable":true,"href":"https:\/\/eldiariodesanpedro.com.ar\/sitio\/wp-json\/wp\/v2\/users\/4"}],"replies":[{"embeddable":true,"href":"https:\/\/eldiariodesanpedro.com.ar\/sitio\/wp-json\/wp\/v2\/comments?post=88652"}],"version-history":[{"count":1,"href":"https:\/\/eldiariodesanpedro.com.ar\/sitio\/wp-json\/wp\/v2\/posts\/88652\/revisions"}],"predecessor-version":[{"id":88653,"href":"https:\/\/eldiariodesanpedro.com.ar\/sitio\/wp-json\/wp\/v2\/posts\/88652\/revisions\/88653"}],"wp:featuredmedia":[{"embeddable":true,"href":"https:\/\/eldiariodesanpedro.com.ar\/sitio\/wp-json\/wp\/v2\/media\/45394"}],"wp:attachment":[{"href":"https:\/\/eldiariodesanpedro.com.ar\/sitio\/wp-json\/wp\/v2\/media?parent=88652"}],"wp:term":[{"taxonomy":"category","embeddable":true,"href":"https:\/\/eldiariodesanpedro.com.ar\/sitio\/wp-json\/wp\/v2\/categories?post=88652"},{"taxonomy":"post_tag","embeddable":true,"href":"https:\/\/eldiariodesanpedro.com.ar\/sitio\/wp-json\/wp\/v2\/tags?post=88652"}],"curies":[{"name":"wp","href":"https:\/\/api.w.org\/{rel}","templated":true}]}}