{"id":88649,"date":"2021-03-05T11:19:33","date_gmt":"2021-03-05T14:19:33","guid":{"rendered":"https:\/\/eldiariodesanpedro.com.ar\/sitio\/?p=88649"},"modified":"2021-03-05T11:19:37","modified_gmt":"2021-03-05T14:19:37","slug":"la-policia-lo-detuvo-justo-cuando-golpeaba-a-su-ex-pareja-en-la-calle","status":"publish","type":"post","link":"https:\/\/eldiariodesanpedro.com.ar\/sitio\/la-policia-lo-detuvo-justo-cuando-golpeaba-a-su-ex-pareja-en-la-calle\/","title":{"rendered":"La polic\u00eda lo detuvo justo cuando golpeaba a su ex pareja en la calle"},"content":{"rendered":"<!-- VideographyWP Plugin Message: Automatic video embedding prevented by plugin options. -->\n\n<p>En la tarde de ayer jueves el personal policial de la comisar\u00eda alertado a trav\u00e9s de un llamado 911 acude a calle San Mart\u00edn al 400 aprehende a un masculino de 54 a\u00f1os de edad que se encontraba en infraganti delito sobre la v\u00eda p\u00fablica agrediendo f\u00edsicamente a su ex pareja una mujer de 57 a\u00f1os de edad, provocando lesiones leves en su rostro.&nbsp;<\/p>\n\n\n\n<p>Intervino en el hecho la fiscal\u00eda en turno local, mientras que la v\u00edctima fue asistida en la Comisaria de la Mujer y la Familia donde adem\u00e1s realizo la correspondiente denuncia y solicitando la restricci\u00f3n perimetral.<\/p>\n","protected":false},"excerpt":{"rendered":"<p>En la tarde de ayer jueves el personal policial de la comisar\u00eda alertado a trav\u00e9s de un llamado 911 acude a calle San Mart\u00edn al 400 aprehende a un masculino de 54 a\u00f1os de edad que se encontraba en infraganti delito sobre la v\u00eda p\u00fablica agrediendo f\u00edsicamente a su ex pareja una mujer de 57 [&hellip;]<\/p>\n","protected":false},"author":4,"featured_media":88650,"comment_status":"open","ping_status":"closed","sticky":false,"template":"","format":"standard","meta":{"om_disable_all_campaigns":false,"_jetpack_memberships_contains_paid_content":false,"footnotes":""},"categories":[2,103],"tags":[],"class_list":["post-88649","post","type-post","status-publish","format-standard","has-post-thumbnail","hentry","category-locales","category-policiales-locales"],"aioseo_notices":[],"gutentor_comment":0,"jetpack_featured_media_url":"https:\/\/eldiariodesanpedro.com.ar\/sitio\/wp-content\/uploads\/2021\/03\/WhatsApp-Image-2021-03-05-at-10.48.04.jpeg","jetpack_shortlink":"https:\/\/wp.me\/p6RhLt-n3P","jetpack_sharing_enabled":true,"_links":{"self":[{"href":"https:\/\/eldiariodesanpedro.com.ar\/sitio\/wp-json\/wp\/v2\/posts\/88649","targetHints":{"allow":["GET"]}}],"collection":[{"href":"https:\/\/eldiariodesanpedro.com.ar\/sitio\/wp-json\/wp\/v2\/posts"}],"about":[{"href":"https:\/\/eldiariodesanpedro.com.ar\/sitio\/wp-json\/wp\/v2\/types\/post"}],"author":[{"embeddable":true,"href":"https:\/\/eldiariodesanpedro.com.ar\/sitio\/wp-json\/wp\/v2\/users\/4"}],"replies":[{"embeddable":true,"href":"https:\/\/eldiariodesanpedro.com.ar\/sitio\/wp-json\/wp\/v2\/comments?post=88649"}],"version-history":[{"count":1,"href":"https:\/\/eldiariodesanpedro.com.ar\/sitio\/wp-json\/wp\/v2\/posts\/88649\/revisions"}],"predecessor-version":[{"id":88651,"href":"https:\/\/eldiariodesanpedro.com.ar\/sitio\/wp-json\/wp\/v2\/posts\/88649\/revisions\/88651"}],"wp:featuredmedia":[{"embeddable":true,"href":"https:\/\/eldiariodesanpedro.com.ar\/sitio\/wp-json\/wp\/v2\/media\/88650"}],"wp:attachment":[{"href":"https:\/\/eldiariodesanpedro.com.ar\/sitio\/wp-json\/wp\/v2\/media?parent=88649"}],"wp:term":[{"taxonomy":"category","embeddable":true,"href":"https:\/\/eldiariodesanpedro.com.ar\/sitio\/wp-json\/wp\/v2\/categories?post=88649"},{"taxonomy":"post_tag","embeddable":true,"href":"https:\/\/eldiariodesanpedro.com.ar\/sitio\/wp-json\/wp\/v2\/tags?post=88649"}],"curies":[{"name":"wp","href":"https:\/\/api.w.org\/{rel}","templated":true}]}}