{"id":88645,"date":"2021-03-05T11:15:06","date_gmt":"2021-03-05T14:15:06","guid":{"rendered":"https:\/\/eldiariodesanpedro.com.ar\/sitio\/?p=88645"},"modified":"2021-03-05T11:15:11","modified_gmt":"2021-03-05T14:15:11","slug":"se-secuestraron-3-escopetas-91-cartuchos-y-3-vainas-servidas","status":"publish","type":"post","link":"https:\/\/eldiariodesanpedro.com.ar\/sitio\/se-secuestraron-3-escopetas-91-cartuchos-y-3-vainas-servidas\/","title":{"rendered":"Se secuestraron 3 escopetas, 91 cartuchos y 3 vainas servidas"},"content":{"rendered":"<!-- VideographyWP Plugin Message: Automatic video embedding prevented by plugin options. -->\n\n<p>Este jueves el grupo GTO a cargo de Guillermo Turci realizaron allanamientos en conjunto con el personal policial del destacamento de Santa Luc\u00eda en la vivienda de una persona por un hecho de amenazas con tenencia legal de arma de fuego.<\/p>\n\n\n\n<p>El dia de ayer el personal de la comisar\u00eda local se hizo presente en un domicilio ubicado en calle Dr. Doyle s\/n en la localidad de Santa Luc\u00eda donde se logr\u00f3 la aprehensi\u00f3n de un ciudadano de 50 a\u00f1os sobre quien pesaba una denuncia por amenazas con la utilizaci\u00f3n de armas de fuego.<\/p>\n\n\n\n<p>Como resultado de la diligencia se logr\u00f3 el secuestro de&nbsp; 3 escopetas y 1 carabina, as\u00ed como 91 cartuchos intactos distinto calibre y 3 vainas servidas de escopeta.<\/p>\n\n\n\n<p>El aprehendido permanece alojado en la comisar\u00eda de San Pedro para ser indagado por la fiscal a cargo de la causa.<\/p>\n\n\n\n<figure class=\"wp-block-image size-large\"><img decoding=\"async\" width=\"768\" height=\"1024\" data-attachment-id=\"88646\" data-permalink=\"https:\/\/eldiariodesanpedro.com.ar\/sitio\/se-secuestraron-3-escopetas-91-cartuchos-y-3-vainas-servidas\/whatsapp-image-2021-03-05-at-10-47-45-1\/\" data-orig-file=\"https:\/\/eldiariodesanpedro.com.ar\/sitio\/wp-content\/uploads\/2021\/03\/WhatsApp-Image-2021-03-05-at-10.47.45-1.jpeg\" data-orig-size=\"960,1280\" data-comments-opened=\"1\" data-image-meta=\"{&quot;aperture&quot;:&quot;0&quot;,&quot;credit&quot;:&quot;&quot;,&quot;camera&quot;:&quot;&quot;,&quot;caption&quot;:&quot;&quot;,&quot;created_timestamp&quot;:&quot;0&quot;,&quot;copyright&quot;:&quot;&quot;,&quot;focal_length&quot;:&quot;0&quot;,&quot;iso&quot;:&quot;0&quot;,&quot;shutter_speed&quot;:&quot;0&quot;,&quot;title&quot;:&quot;&quot;,&quot;orientation&quot;:&quot;0&quot;}\" data-image-title=\"WhatsApp Image 2021-03-05 at 10.47.45 (1)\" data-image-description=\"\" data-image-caption=\"\" data-large-file=\"https:\/\/eldiariodesanpedro.com.ar\/sitio\/wp-content\/uploads\/2021\/03\/WhatsApp-Image-2021-03-05-at-10.47.45-1-768x1024.jpeg\" data-src=\"https:\/\/eldiariodesanpedro.com.ar\/sitio\/wp-content\/uploads\/2021\/03\/WhatsApp-Image-2021-03-05-at-10.47.45-1-768x1024.jpeg\" alt=\"\" class=\"wp-image-88646 lazyload\" data-srcset=\"https:\/\/eldiariodesanpedro.com.ar\/sitio\/wp-content\/uploads\/2021\/03\/WhatsApp-Image-2021-03-05-at-10.47.45-1-768x1024.jpeg 768w, https:\/\/eldiariodesanpedro.com.ar\/sitio\/wp-content\/uploads\/2021\/03\/WhatsApp-Image-2021-03-05-at-10.47.45-1-225x300.jpeg 225w, https:\/\/eldiariodesanpedro.com.ar\/sitio\/wp-content\/uploads\/2021\/03\/WhatsApp-Image-2021-03-05-at-10.47.45-1.jpeg 960w\" data-sizes=\"(max-width: 768px) 100vw, 768px\" src=\"data:image\/svg+xml;base64,PHN2ZyB3aWR0aD0iMSIgaGVpZ2h0PSIxIiB4bWxucz0iaHR0cDovL3d3dy53My5vcmcvMjAwMC9zdmciPjwvc3ZnPg==\" style=\"--smush-placeholder-width: 768px; --smush-placeholder-aspect-ratio: 768\/1024;\" \/><\/figure>\n","protected":false},"excerpt":{"rendered":"<p>Este jueves el grupo GTO a cargo de Guillermo Turci realizaron allanamientos en conjunto con el personal policial del destacamento de Santa Luc\u00eda en la vivienda de una persona por un hecho de amenazas con tenencia legal de arma de fuego. El dia de ayer el personal de la comisar\u00eda local se hizo presente en [&hellip;]<\/p>\n","protected":false},"author":4,"featured_media":88647,"comment_status":"open","ping_status":"closed","sticky":false,"template":"","format":"standard","meta":{"om_disable_all_campaigns":false,"_jetpack_memberships_contains_paid_content":false,"footnotes":""},"categories":[50,2,103],"tags":[],"class_list":["post-88645","post","type-post","status-publish","format-standard","has-post-thumbnail","hentry","category-destacadas","category-locales","category-policiales-locales"],"aioseo_notices":[],"gutentor_comment":0,"jetpack_featured_media_url":"https:\/\/eldiariodesanpedro.com.ar\/sitio\/wp-content\/uploads\/2021\/03\/WhatsApp-Image-2021-03-05-at-10.47.45.jpeg","jetpack_shortlink":"https:\/\/wp.me\/p6RhLt-n3L","jetpack_sharing_enabled":true,"_links":{"self":[{"href":"https:\/\/eldiariodesanpedro.com.ar\/sitio\/wp-json\/wp\/v2\/posts\/88645","targetHints":{"allow":["GET"]}}],"collection":[{"href":"https:\/\/eldiariodesanpedro.com.ar\/sitio\/wp-json\/wp\/v2\/posts"}],"about":[{"href":"https:\/\/eldiariodesanpedro.com.ar\/sitio\/wp-json\/wp\/v2\/types\/post"}],"author":[{"embeddable":true,"href":"https:\/\/eldiariodesanpedro.com.ar\/sitio\/wp-json\/wp\/v2\/users\/4"}],"replies":[{"embeddable":true,"href":"https:\/\/eldiariodesanpedro.com.ar\/sitio\/wp-json\/wp\/v2\/comments?post=88645"}],"version-history":[{"count":1,"href":"https:\/\/eldiariodesanpedro.com.ar\/sitio\/wp-json\/wp\/v2\/posts\/88645\/revisions"}],"predecessor-version":[{"id":88648,"href":"https:\/\/eldiariodesanpedro.com.ar\/sitio\/wp-json\/wp\/v2\/posts\/88645\/revisions\/88648"}],"wp:featuredmedia":[{"embeddable":true,"href":"https:\/\/eldiariodesanpedro.com.ar\/sitio\/wp-json\/wp\/v2\/media\/88647"}],"wp:attachment":[{"href":"https:\/\/eldiariodesanpedro.com.ar\/sitio\/wp-json\/wp\/v2\/media?parent=88645"}],"wp:term":[{"taxonomy":"category","embeddable":true,"href":"https:\/\/eldiariodesanpedro.com.ar\/sitio\/wp-json\/wp\/v2\/categories?post=88645"},{"taxonomy":"post_tag","embeddable":true,"href":"https:\/\/eldiariodesanpedro.com.ar\/sitio\/wp-json\/wp\/v2\/tags?post=88645"}],"curies":[{"name":"wp","href":"https:\/\/api.w.org\/{rel}","templated":true}]}}