{"id":88642,"date":"2021-03-05T11:04:12","date_gmt":"2021-03-05T14:04:12","guid":{"rendered":"https:\/\/eldiariodesanpedro.com.ar\/sitio\/?p=88642"},"modified":"2021-03-05T11:04:16","modified_gmt":"2021-03-05T14:04:16","slug":"detuvieron-al-hermano-del-virolo-velo-por-el-robo-del-auto-al-ciudadano-de-baradero","status":"publish","type":"post","link":"https:\/\/eldiariodesanpedro.com.ar\/sitio\/detuvieron-al-hermano-del-virolo-velo-por-el-robo-del-auto-al-ciudadano-de-baradero\/","title":{"rendered":"Detuvieron al hermano del Virolo Velo por el robo del auto al ciudadano de Baradero"},"content":{"rendered":"<!-- VideographyWP Plugin Message: Automatic video embedding prevented by plugin options. -->\n\n<p>Este jueves se llev\u00f3 a cabo la detenci\u00f3n por parte de la polic\u00eda de nuestra ciudad de un sujeto implicado en el robo del autom\u00f3vil hace dos semanas por la madrugada donde por lo que tambi\u00e9n se encuentran detenidas dos mujeres, el hecho sucedi\u00f3 la misma noche donde mataron al reconocido delincuente Emanuel \u201cVirolo\u201d Velo.<\/p>\n\n\n\n<p>En la tarde de ayer el personal del gabinete criminol\u00f3gico de la comisar\u00eda, diligenciaron orden de detenci\u00f3n y captura por orden judicial en el marco de la causa donde un hombre de Baradero que vino a San Pedro a comprar estupefacientes fue asaltado y robado su veh\u00edculo en el barrio Hermano Indio.<\/p>\n\n\n\n<p>La diligencia de allanamiento y detenci\u00f3n tuvo lugar en el domicilio de G\u00fcemes 1400, donde se detuvo al buscado un delincuente de 21 a\u00f1os de edad hermano del joven asesinado Virolo Velo, ordenado por la justicia juvenil de San Nicol\u00e1s, quedando alojado actualmente en una comisar\u00eda de San Nicol\u00e1s, donde fuera trasladado en la noche de ayer, ya que resulta hermano de sujeto v\u00edctima de homicidio el dia 21 de febrero del corriente, y por encontrarse el principal imputado de ese hecho alojado en sede de la comisar\u00eda local.&nbsp;<\/p>\n\n\n\n<p>La detenci\u00f3n se dio en el marco de hecho ocurrido tambi\u00e9n en la madrugada del d\u00eda domingo 21&nbsp; de febrero, y en la que ya se encuentran detenidos otros tres delincuentes (2 mujeres y un hombre).&nbsp;<\/p>\n\n\n\n<p>La causa ahora la investiga la fiscal\u00eda juvenil de San Nicol\u00e1s a quienes los cuatro detenidos est\u00e1n a disposici\u00f3n.&nbsp;<\/p>\n","protected":false},"excerpt":{"rendered":"<p>Este jueves se llev\u00f3 a cabo la detenci\u00f3n por parte de la polic\u00eda de nuestra ciudad de un sujeto implicado en el robo del autom\u00f3vil hace dos semanas por la madrugada donde por lo que tambi\u00e9n se encuentran detenidas dos mujeres, el hecho sucedi\u00f3 la misma noche donde mataron al reconocido delincuente Emanuel \u201cVirolo\u201d Velo. [&hellip;]<\/p>\n","protected":false},"author":4,"featured_media":88643,"comment_status":"open","ping_status":"closed","sticky":false,"template":"","format":"standard","meta":{"om_disable_all_campaigns":false,"_jetpack_memberships_contains_paid_content":false,"footnotes":""},"categories":[50,2,103],"tags":[],"class_list":["post-88642","post","type-post","status-publish","format-standard","has-post-thumbnail","hentry","category-destacadas","category-locales","category-policiales-locales"],"aioseo_notices":[],"gutentor_comment":0,"jetpack_featured_media_url":"https:\/\/eldiariodesanpedro.com.ar\/sitio\/wp-content\/uploads\/2021\/03\/WhatsApp-Image-2021-03-05-at-10.47.53.jpeg","jetpack_shortlink":"https:\/\/wp.me\/p6RhLt-n3I","jetpack_sharing_enabled":true,"_links":{"self":[{"href":"https:\/\/eldiariodesanpedro.com.ar\/sitio\/wp-json\/wp\/v2\/posts\/88642","targetHints":{"allow":["GET"]}}],"collection":[{"href":"https:\/\/eldiariodesanpedro.com.ar\/sitio\/wp-json\/wp\/v2\/posts"}],"about":[{"href":"https:\/\/eldiariodesanpedro.com.ar\/sitio\/wp-json\/wp\/v2\/types\/post"}],"author":[{"embeddable":true,"href":"https:\/\/eldiariodesanpedro.com.ar\/sitio\/wp-json\/wp\/v2\/users\/4"}],"replies":[{"embeddable":true,"href":"https:\/\/eldiariodesanpedro.com.ar\/sitio\/wp-json\/wp\/v2\/comments?post=88642"}],"version-history":[{"count":1,"href":"https:\/\/eldiariodesanpedro.com.ar\/sitio\/wp-json\/wp\/v2\/posts\/88642\/revisions"}],"predecessor-version":[{"id":88644,"href":"https:\/\/eldiariodesanpedro.com.ar\/sitio\/wp-json\/wp\/v2\/posts\/88642\/revisions\/88644"}],"wp:featuredmedia":[{"embeddable":true,"href":"https:\/\/eldiariodesanpedro.com.ar\/sitio\/wp-json\/wp\/v2\/media\/88643"}],"wp:attachment":[{"href":"https:\/\/eldiariodesanpedro.com.ar\/sitio\/wp-json\/wp\/v2\/media?parent=88642"}],"wp:term":[{"taxonomy":"category","embeddable":true,"href":"https:\/\/eldiariodesanpedro.com.ar\/sitio\/wp-json\/wp\/v2\/categories?post=88642"},{"taxonomy":"post_tag","embeddable":true,"href":"https:\/\/eldiariodesanpedro.com.ar\/sitio\/wp-json\/wp\/v2\/tags?post=88642"}],"curies":[{"name":"wp","href":"https:\/\/api.w.org\/{rel}","templated":true}]}}